{"id":18737,"date":"2022-01-04T13:51:19","date_gmt":"2022-01-04T16:51:19","guid":{"rendered":"http:\/\/www.rincondelbulla.cl\/portal\/?p=18737"},"modified":"2022-01-04T14:25:36","modified_gmt":"2022-01-04T17:25:36","slug":"ronnie-fernandez-voy-a-entregarme-en-un-100-a-las-necesidades-del-equipo","status":"publish","type":"post","link":"http:\/\/www.rincondelbulla.cl\/portal\/2022\/01\/04\/ronnie-fernandez-voy-a-entregarme-en-un-100-a-las-necesidades-del-equipo\/","title":{"rendered":"Ronnie Fern\u00e1ndez: \u201cVoy a entregarme en un 100% a las necesidades del equipo\u201d"},"content":{"rendered":"\n<p>Esta tarde, Ronnie Fern\u00e1ndez fue presentado oficialmente como nuevo jugador de la Universidad de Chile para la temporada 2022.<\/p>\n<p>Fern\u00e1ndez afirm\u00f3 que est\u00e1 contento y agradecido del paso que da en su carrera profesional: <strong>\u201cLo asumo con mucha responsabilidad, sabiendo que llego a un equipo en el que los objetivos est\u00e1n bien marcados\u201d. <\/strong>Adem\u00e1s, el delantero sostuvo que espera que este a\u00f1o sea bastante positivo para el equipo.<\/p>\n<p>El ex Wanderers enfatiz\u00f3 en que <strong>\u201cvoy a entregarme en un 100% a las necesidades que tenga el equipo\u201d. <\/strong>\u201cEl plantel y el club deben estar alineados para obtener los mejores resultados y eso debe ser lo primero\u201d declar\u00f3 Fern\u00e1ndez en su presentaci\u00f3n.<\/p>\n<p>El atacante manifest\u00f3 que llegar a la Universidad de Chile era un desaf\u00edo que estaba esperando hace mucho tiempo: <strong>\u201cLlego a un club con una resonancia important\u00edsima, que tiene un prestigio a nivel nacional e internacional y me pilla en un muy buen momento\u201d.<\/strong><\/p>\n<p>Respecto a sus atributos y su posici\u00f3n en la cancha, Fern\u00e1ndez recalc\u00f3 que \u201ctengo la capacidad de jugar bien de espalda, me gusta llegar al \u00e1rea\u201d.<strong> \u201cVamos a tener estos d\u00edas para ir adapt\u00e1ndonos a lo que el cuerpo t\u00e9cnico quiera\u201d <\/strong>concluy\u00f3 el nuevo delantero del \u201cRom\u00e1ntico Viajero\u201d.<\/p>\n","protected":false},"excerpt":{"rendered":"<p>Esta tarde, Ronnie Fern\u00e1ndez fue presentado oficialmente como nuevo jugador de la Universidad de Chile para la temporada 2022. Fern\u00e1ndez afirm\u00f3 que est\u00e1 contento y agradecido del paso que da en su carrera profesional: \u201cLo asumo con mucha responsabilidad, sabiendo que llego a un equipo en el que los objetivos est\u00e1n bien marcados\u201d. Adem\u00e1s, el [&#8230;]<\/p>\n","protected":false},"author":21408,"featured_media":18740,"comment_status":"closed","ping_status":"open","sticky":false,"template":"","format":"standard","meta":{"footnotes":""},"categories":[18],"tags":[],"class_list":{"0":"post-18737","1":"post","2":"type-post","3":"status-publish","4":"format-standard","5":"has-post-thumbnail","7":"category-actualidad"},"_links":{"self":[{"href":"http:\/\/www.rincondelbulla.cl\/portal\/wp-json\/wp\/v2\/posts\/18737","targetHints":{"allow":["GET"]}}],"collection":[{"href":"http:\/\/www.rincondelbulla.cl\/portal\/wp-json\/wp\/v2\/posts"}],"about":[{"href":"http:\/\/www.rincondelbulla.cl\/portal\/wp-json\/wp\/v2\/types\/post"}],"author":[{"embeddable":true,"href":"http:\/\/www.rincondelbulla.cl\/portal\/wp-json\/wp\/v2\/users\/21408"}],"replies":[{"embeddable":true,"href":"http:\/\/www.rincondelbulla.cl\/portal\/wp-json\/wp\/v2\/comments?post=18737"}],"version-history":[{"count":1,"href":"http:\/\/www.rincondelbulla.cl\/portal\/wp-json\/wp\/v2\/posts\/18737\/revisions"}],"predecessor-version":[{"id":18739,"href":"http:\/\/www.rincondelbulla.cl\/portal\/wp-json\/wp\/v2\/posts\/18737\/revisions\/18739"}],"wp:featuredmedia":[{"embeddable":true,"href":"http:\/\/www.rincondelbulla.cl\/portal\/wp-json\/wp\/v2\/media\/18740"}],"wp:attachment":[{"href":"http:\/\/www.rincondelbulla.cl\/portal\/wp-json\/wp\/v2\/media?parent=18737"}],"wp:term":[{"taxonomy":"category","embeddable":true,"href":"http:\/\/www.rincondelbulla.cl\/portal\/wp-json\/wp\/v2\/categories?post=18737"},{"taxonomy":"post_tag","embeddable":true,"href":"http:\/\/www.rincondelbulla.cl\/portal\/wp-json\/wp\/v2\/tags?post=18737"}],"curies":[{"name":"wp","href":"https:\/\/api.w.org\/{rel}","templated":true}]}}