{"id":18778,"date":"2022-01-06T15:54:39","date_gmt":"2022-01-06T18:54:39","guid":{"rendered":"http:\/\/www.rincondelbulla.cl\/portal\/?p=18778"},"modified":"2022-01-06T15:54:40","modified_gmt":"2022-01-06T18:54:40","slug":"felipe-seymour-volver-es-un-gran-desafio-y-una-enorme-responsabilidad-en-esta-reestructuracion-del-club","status":"publish","type":"post","link":"http:\/\/www.rincondelbulla.cl\/portal\/2022\/01\/06\/felipe-seymour-volver-es-un-gran-desafio-y-una-enorme-responsabilidad-en-esta-reestructuracion-del-club\/","title":{"rendered":"Felipe Seymour: \u00abVolver es un gran desaf\u00edo y una enorme responsabilidad en esta reestructuraci\u00f3n del club\u00bb"},"content":{"rendered":"\n<p>Esta tarde Felipe Seymour fue presentado oficialmente como refuerzo de la Universidad de Chile y vivir\u00e1 su tercer ciclo en el \u201cRom\u00e1ntico Viajero\u201d.<\/p>\n<p>Seymour aclar\u00f3 que su llegada fue gestada desde el club porque <strong>\u201cquer\u00eda que fuera parte de este proyecto institucional y deportivo, aportando dentro y fuera de la cancha.\u201d<\/strong> Adem\u00e1s, el volante destac\u00f3 que es un aporte \u201cdesde la experiencia, <strong>lo que siento por esta camiseta<\/strong> y lo que puedo transmitir a las nuevas generaciones\u201d.<\/p>\n<p>\u201cWalala\u201d manifest\u00f3 que viene con mucha ilusi\u00f3n y ganas por el proyecto que encabeza Luis Roggiero: <strong>\u201cVolver es un gran desaf\u00edo y una enorme responsabilidad en esta reestructuraci\u00f3n del club. <\/strong>Pero tambi\u00e9n con los pies sobre la tierra de saber que la situaci\u00f3n de la \u201cU\u201d en estos dos a\u00f1os no han sido los mejores\u201d.<\/p>\n<p>Sobre su estado f\u00edsico, Seymour asegur\u00f3 que se siente muy bien y que espera rendir los a\u00f1os que sean necesarios. Adem\u00e1s, el ex O\u2019Higgins afirm\u00f3 que el volante de contenci\u00f3n ser\u00e1 muy importante en el esquema de Santiago Escobar para dar una salida limpia y equilibrio en el mediocampo: <strong>\u201cVengo a pelear una camiseta de titular\u201d <\/strong>declar\u00f3 el mediocampista.<\/p>\n<p>Para finalizar, Seymour tuvo palabras sobre la capitan\u00eda: <strong>\u201cHoy una importancia, no solamente en la capitan\u00eda, tambi\u00e9n est\u00e1n los referentes y los nuevos l\u00edderes. <\/strong>Esa mixtura es lo que va a hacer a un camar\u00edn mucho m\u00e1s unido y potente\u201d.<\/p>\n","protected":false},"excerpt":{"rendered":"<p>Esta tarde Felipe Seymour fue presentado oficialmente como refuerzo de la Universidad de Chile y vivir\u00e1 su tercer ciclo en el \u201cRom\u00e1ntico Viajero\u201d. Seymour aclar\u00f3 que su llegada fue gestada desde el club porque \u201cquer\u00eda que fuera parte de este proyecto institucional y deportivo, aportando dentro y fuera de la cancha.\u201d Adem\u00e1s, el volante destac\u00f3 [&#8230;]<\/p>\n","protected":false},"author":21408,"featured_media":18774,"comment_status":"closed","ping_status":"open","sticky":false,"template":"","format":"standard","meta":{"footnotes":""},"categories":[18],"tags":[52],"class_list":{"0":"post-18778","1":"post","2":"type-post","3":"status-publish","4":"format-standard","5":"has-post-thumbnail","7":"category-actualidad","8":"tag-felipe-seymour"},"_links":{"self":[{"href":"http:\/\/www.rincondelbulla.cl\/portal\/wp-json\/wp\/v2\/posts\/18778","targetHints":{"allow":["GET"]}}],"collection":[{"href":"http:\/\/www.rincondelbulla.cl\/portal\/wp-json\/wp\/v2\/posts"}],"about":[{"href":"http:\/\/www.rincondelbulla.cl\/portal\/wp-json\/wp\/v2\/types\/post"}],"author":[{"embeddable":true,"href":"http:\/\/www.rincondelbulla.cl\/portal\/wp-json\/wp\/v2\/users\/21408"}],"replies":[{"embeddable":true,"href":"http:\/\/www.rincondelbulla.cl\/portal\/wp-json\/wp\/v2\/comments?post=18778"}],"version-history":[{"count":2,"href":"http:\/\/www.rincondelbulla.cl\/portal\/wp-json\/wp\/v2\/posts\/18778\/revisions"}],"predecessor-version":[{"id":18780,"href":"http:\/\/www.rincondelbulla.cl\/portal\/wp-json\/wp\/v2\/posts\/18778\/revisions\/18780"}],"wp:featuredmedia":[{"embeddable":true,"href":"http:\/\/www.rincondelbulla.cl\/portal\/wp-json\/wp\/v2\/media\/18774"}],"wp:attachment":[{"href":"http:\/\/www.rincondelbulla.cl\/portal\/wp-json\/wp\/v2\/media?parent=18778"}],"wp:term":[{"taxonomy":"category","embeddable":true,"href":"http:\/\/www.rincondelbulla.cl\/portal\/wp-json\/wp\/v2\/categories?post=18778"},{"taxonomy":"post_tag","embeddable":true,"href":"http:\/\/www.rincondelbulla.cl\/portal\/wp-json\/wp\/v2\/tags?post=18778"}],"curies":[{"name":"wp","href":"https:\/\/api.w.org\/{rel}","templated":true}]}}