{"id":18787,"date":"2022-01-11T19:27:18","date_gmt":"2022-01-11T22:27:18","guid":{"rendered":"http:\/\/www.rincondelbulla.cl\/portal\/?p=18787"},"modified":"2022-01-11T19:27:20","modified_gmt":"2022-01-11T22:27:20","slug":"se-abre-la-opcion-de-que-la-u-pueda-ser-local-en-santa-laura","status":"publish","type":"post","link":"http:\/\/www.rincondelbulla.cl\/portal\/2022\/01\/11\/se-abre-la-opcion-de-que-la-u-pueda-ser-local-en-santa-laura\/","title":{"rendered":"Se abre la opci\u00f3n de que la \u00abU\u00bb pueda ser local en Santa Laura"},"content":{"rendered":"\n<p>Luego de un par de a\u00f1os de p\u00e9simas relaciones entre las dirigencias de Uni\u00f3n Espa\u00f1ola y la de la Universidad de Chile, el camino empieza a cambiar.<\/p>\n<p>La primera se\u00f1al fue la negociaci\u00f3n por Cristian Palacios, en la que los hispanos tuvieron que sentarse junto a los azules.<\/p>\n<p>Hoy se da un nuevo paso, eso porque su propietario, Jorge Segovia, abri\u00f3 la puerta para que la \u00abU\u00bb pueda ser local en Santa Laura.<\/p>\n<p>\u201cHa llegado una nueva administraci\u00f3n, con otras ideas y otras actitudes. Hemos conversado, asumieron su responsabilidad en lo que sucedi\u00f3, se dieron las compensaciones y ahora inici\u00f3 una nueva etapa. No hay m\u00e1s que hablar al respecto\u201d, se\u00f1al\u00f3 Segovia en ADN.<\/p>\n<p>\u00c9l mismo agreg\u00f3 que \u201ccuando se subsanan los problemas con Universidad de Chile, no nos negamos a que nos puedan alquilar el estadio Santa Laura si llegamos al monto adecuado\u00a0y que la prioridad la tenemos nosotros para usar el recinto.\u00a0Universidad Cat\u00f3lica tambi\u00e9n nos pidi\u00f3 usar el recinto\u00a0y no se lo vamos a negar si llegamos a acuerdo\u201d.<\/p>\n<p>Recordemos que el presidente de Azul Azul, Michael Clark, hab\u00eda se\u00f1alado en su momento de que la \u00abU\u00bb tiene que ser local en Santisgo tras todo lo vivido en el 2021.<\/p>\n","protected":false},"excerpt":{"rendered":"<p>Luego de un par de a\u00f1os de p\u00e9simas relaciones entre las dirigencias de Uni\u00f3n Espa\u00f1ola y la de la Universidad de Chile, el camino empieza a cambiar. La primera se\u00f1al fue la negociaci\u00f3n por Cristian Palacios, en la que los hispanos tuvieron que sentarse junto a los azules. Hoy se da un nuevo paso, eso [&#8230;]<\/p>\n","protected":false},"author":65,"featured_media":18788,"comment_status":"closed","ping_status":"open","sticky":false,"template":"","format":"standard","meta":{"footnotes":""},"categories":[18],"tags":[579,294,1530],"class_list":{"0":"post-18787","1":"post","2":"type-post","3":"status-publish","4":"format-standard","5":"has-post-thumbnail","7":"category-actualidad","8":"tag-santa-laura","10":"tag-union-espanola-2"},"_links":{"self":[{"href":"http:\/\/www.rincondelbulla.cl\/portal\/wp-json\/wp\/v2\/posts\/18787","targetHints":{"allow":["GET"]}}],"collection":[{"href":"http:\/\/www.rincondelbulla.cl\/portal\/wp-json\/wp\/v2\/posts"}],"about":[{"href":"http:\/\/www.rincondelbulla.cl\/portal\/wp-json\/wp\/v2\/types\/post"}],"author":[{"embeddable":true,"href":"http:\/\/www.rincondelbulla.cl\/portal\/wp-json\/wp\/v2\/users\/65"}],"replies":[{"embeddable":true,"href":"http:\/\/www.rincondelbulla.cl\/portal\/wp-json\/wp\/v2\/comments?post=18787"}],"version-history":[{"count":1,"href":"http:\/\/www.rincondelbulla.cl\/portal\/wp-json\/wp\/v2\/posts\/18787\/revisions"}],"predecessor-version":[{"id":18789,"href":"http:\/\/www.rincondelbulla.cl\/portal\/wp-json\/wp\/v2\/posts\/18787\/revisions\/18789"}],"wp:featuredmedia":[{"embeddable":true,"href":"http:\/\/www.rincondelbulla.cl\/portal\/wp-json\/wp\/v2\/media\/18788"}],"wp:attachment":[{"href":"http:\/\/www.rincondelbulla.cl\/portal\/wp-json\/wp\/v2\/media?parent=18787"}],"wp:term":[{"taxonomy":"category","embeddable":true,"href":"http:\/\/www.rincondelbulla.cl\/portal\/wp-json\/wp\/v2\/categories?post=18787"},{"taxonomy":"post_tag","embeddable":true,"href":"http:\/\/www.rincondelbulla.cl\/portal\/wp-json\/wp\/v2\/tags?post=18787"}],"curies":[{"name":"wp","href":"https:\/\/api.w.org\/{rel}","templated":true}]}}