{"id":19204,"date":"2022-06-09T12:24:17","date_gmt":"2022-06-09T16:24:17","guid":{"rendered":"http:\/\/www.rincondelbulla.cl\/portal\/?p=19204"},"modified":"2022-06-09T12:24:52","modified_gmt":"2022-06-09T16:24:52","slug":"daniela-zamora-aun-no-estoy-contenta-con-mi-rerndimiento-pero-estoy-tranquila-para-revertir-esa-situacion","status":"publish","type":"post","link":"http:\/\/www.rincondelbulla.cl\/portal\/2022\/06\/09\/daniela-zamora-aun-no-estoy-contenta-con-mi-rerndimiento-pero-estoy-tranquila-para-revertir-esa-situacion\/","title":{"rendered":"Daniela Zamora: \u00abA\u00fan no estoy contenta con mi rerndimiento, pero estoy tranquila para revertir esa situaci\u00f3n\u00bb"},"content":{"rendered":"\n<p>Este s\u00e1bado la \u00abU\u00bb disputar\u00e1 uno de sus \u00faltimos partidos de esta rueda, ser\u00e1 tambi\u00e9n el \u00faltimo antes de quedar libre y tener casi dos meses de para. Por lo mismo hoy fue una buena instancia para hacer evaluaciones.<\/p>\n<p>La encargada fue Daniela Zamora, quien analiz\u00f3 su retorno a la \u00abU\u00bb luego de su paso por Europa. \u00abEsta es mi casa y cuando se me da la posibilidad de volver fue una alegr\u00eda. <strong>A\u00fan no estoy contenta con mi rendimiento y mi f\u00fatbol despu\u00e9s de la lesi\u00f3n, pero estoy tranquila para revertir esa situaci\u00f3n y ser un aporte para el equipo<\/strong>\u00ab, coment\u00f3 de entrada.<\/p>\n<p>En un an\u00e1lisis m\u00e1s general se\u00f1al\u00f3 que \u00abvamos terceras, hay muchas cosas para mejorar esta segunda ronda. <strong>Son las cosas que tenemos que mejorar durante la para y poder cumplir nuestro objetivo que es ser campeonas a fin de a\u00f1o<\/strong>\u00ab.<\/p>\n<p>Sobre los dos partidos perdidos este a\u00f1o, Zamora fue cauta a la hora de analizar el desempe\u00f1o de las azules. \u00abEl partido con el Shago no nos vimos bien, <strong>el partido con Colo Colo se vio otro equipo, hicimos un buen segundo tiempo<\/strong>, se vieron las ganas y la calidad de jugadoras que tenemos, tuvimos m\u00e1s oportunidades con una jugadora menos, lamentablemente no nos llevamos el triunfo, pero<strong> tenemos la calidad y las energ\u00edas para saber que el pr\u00f3ximo partido contra ella va a ser nuestro<\/strong>\u00ab, ramat\u00f3 la Dani.<\/p>\n<p>Finalmente, una de las capitanas de este equipo abord\u00f3 lo que ser\u00e1 el par\u00f3n despues del duelo ate O&#8217;Higgins de este s\u00e1bado. \u00abSon dos meses que se har\u00e1n largos. Hay muchos detalles que mejorar y hay que ir afinando, nos servir\u00e1n en la parte f\u00edsica, t\u00e1ctica y en la t\u00e9cnica,\u00a0 para que no nos afecte tendremos que jugar amistosos, con los cadetes de hombres y eso nos servir\u00e1 para mantener el ritmo\u00bb, cerr\u00f3.<\/p>\n<p><div class=\"youtube-embed\" data-video_id=\"ysx2wd0xqDs\"><iframe loading=\"lazy\" title=\"[EN VIVO] Daniela Zamora habla con la prensa en el Centro Deportivo Azul.\" width=\"696\" height=\"392\" src=\"https:\/\/www.youtube.com\/embed\/ysx2wd0xqDs?feature=oembed&#038;enablejsapi=1\" frameborder=\"0\" allow=\"accelerometer; autoplay; clipboard-write; encrypted-media; gyroscope; picture-in-picture\" allowfullscreen><\/iframe><\/div><\/p>\n<p>\u00a0<\/p>\n","protected":false},"excerpt":{"rendered":"<p>Este s\u00e1bado la \u00abU\u00bb disputar\u00e1 uno de sus \u00faltimos partidos de esta rueda, ser\u00e1 tambi\u00e9n el \u00faltimo antes de quedar libre y tener casi dos meses de para. Por lo mismo hoy fue una buena instancia para hacer evaluaciones. La encargada fue Daniela Zamora, quien analiz\u00f3 su retorno a la \u00abU\u00bb luego de su paso [&#8230;]<\/p>\n","protected":false},"author":21409,"featured_media":19205,"comment_status":"closed","ping_status":"open","sticky":false,"template":"","format":"standard","meta":{"footnotes":""},"categories":[18],"tags":[1758,1634,294],"class_list":{"0":"post-19204","1":"post","2":"type-post","3":"status-publish","4":"format-standard","5":"has-post-thumbnail","7":"category-actualidad","8":"tag-daniela-zamora","9":"tag-femenino","10":"tag-u-de-chile"},"_links":{"self":[{"href":"http:\/\/www.rincondelbulla.cl\/portal\/wp-json\/wp\/v2\/posts\/19204","targetHints":{"allow":["GET"]}}],"collection":[{"href":"http:\/\/www.rincondelbulla.cl\/portal\/wp-json\/wp\/v2\/posts"}],"about":[{"href":"http:\/\/www.rincondelbulla.cl\/portal\/wp-json\/wp\/v2\/types\/post"}],"author":[{"embeddable":true,"href":"http:\/\/www.rincondelbulla.cl\/portal\/wp-json\/wp\/v2\/users\/21409"}],"replies":[{"embeddable":true,"href":"http:\/\/www.rincondelbulla.cl\/portal\/wp-json\/wp\/v2\/comments?post=19204"}],"version-history":[{"count":1,"href":"http:\/\/www.rincondelbulla.cl\/portal\/wp-json\/wp\/v2\/posts\/19204\/revisions"}],"predecessor-version":[{"id":19206,"href":"http:\/\/www.rincondelbulla.cl\/portal\/wp-json\/wp\/v2\/posts\/19204\/revisions\/19206"}],"wp:featuredmedia":[{"embeddable":true,"href":"http:\/\/www.rincondelbulla.cl\/portal\/wp-json\/wp\/v2\/media\/19205"}],"wp:attachment":[{"href":"http:\/\/www.rincondelbulla.cl\/portal\/wp-json\/wp\/v2\/media?parent=19204"}],"wp:term":[{"taxonomy":"category","embeddable":true,"href":"http:\/\/www.rincondelbulla.cl\/portal\/wp-json\/wp\/v2\/categories?post=19204"},{"taxonomy":"post_tag","embeddable":true,"href":"http:\/\/www.rincondelbulla.cl\/portal\/wp-json\/wp\/v2\/tags?post=19204"}],"curies":[{"name":"wp","href":"https:\/\/api.w.org\/{rel}","templated":true}]}}