{"id":19251,"date":"2022-07-02T14:26:48","date_gmt":"2022-07-02T18:26:48","guid":{"rendered":"http:\/\/www.rincondelbulla.cl\/portal\/?p=19251"},"modified":"2022-07-02T14:38:08","modified_gmt":"2022-07-02T18:38:08","slug":"la-mentira-y-la-verguenza-tras-el-adios-de-galindez","status":"publish","type":"post","link":"http:\/\/www.rincondelbulla.cl\/portal\/2022\/07\/02\/la-mentira-y-la-verguenza-tras-el-adios-de-galindez\/","title":{"rendered":"La mentira y la verg\u00fcenza tras el adi\u00f3s de Gal\u00edndez"},"content":{"rendered":"\n<p>\u00abTiene mucho miedo hasta de ir a entrenar. Es una situaci\u00f3n muy lamentable\u00bb, dec\u00eda hace pocos d\u00edas Rodrigo Abadie, representante de Hern\u00e1n Gal\u00edndez. Uno supondr\u00e1, por l\u00f3gica que este se\u00f1or representa los intereses del jugador y tambi\u00e9n los transparenta.<\/p>\n<p>Pues bueno, hoy la \u00abU\u00bb y Gal\u00edndez sellan su salida. Tras semanas de supuestas amenazas que habr\u00edan comenzado por el caso de Byron Castillo, el portero vuelve a Ecuador. Semanas donde se apunt\u00f3 al hincha azul ante el miedo de Gal\u00edndez quien incluso no pod\u00eda ir al supermercado.<\/p>\n<p>Pues bueno, hoy al fin habl\u00f3 Gal\u00edndez, a su manera, claro. Tras un teclado y sin dar la cara. \u00abDebo aclarar tambi\u00e9n que no recib\u00ed amenazas ni me sent\u00ed en peligro, como se inform\u00f3 en medios de comunicaci\u00f3n\u00bb, argument\u00f3.<\/p>\n<p>El problema ahora era de nosotros, no de su representante que cada vez que pudo vocifer\u00f3 en contra de los hinchas de la \u00abU\u00bb.<\/p>\n<p>Lo \u00fanico cierto es que se va ante el temor de comer banca, por lo que quiso retornar a Ecuador para seguir sumando minutos, y estar cerca de su selecci\u00f3n. \u00bfTan dif\u00edcil resultaba salir a hablar y decir la verdad? \u00bfTan dif\u00edcil era no ensuciar al hincha de la \u00abU\u00bb?<\/p>\n<p>Pues bueno, cada uno con su forma y su modo. Finalmente, lo de Hern\u00e1n Gal\u00edndez fue una verg\u00fcenza.<\/p>\n","protected":false},"excerpt":{"rendered":"<p>\u00abTiene mucho miedo hasta de ir a entrenar. Es una situaci\u00f3n muy lamentable\u00bb, dec\u00eda hace pocos d\u00edas Rodrigo Abadie, representante de Hern\u00e1n Gal\u00edndez. Uno supondr\u00e1, por l\u00f3gica que este se\u00f1or representa los intereses del jugador y tambi\u00e9n los transparenta. Pues bueno, hoy la \u00abU\u00bb y Gal\u00edndez sellan su salida. Tras semanas de supuestas amenazas que [&#8230;]<\/p>\n","protected":false},"author":21398,"featured_media":19253,"comment_status":"closed","ping_status":"open","sticky":false,"template":"","format":"standard","meta":{"footnotes":""},"categories":[1514],"tags":[1933,294],"class_list":{"0":"post-19251","1":"post","2":"type-post","3":"status-publish","4":"format-standard","5":"has-post-thumbnail","7":"category-opinion","8":"tag-herna-galindez","9":"tag-u-de-chile"},"_links":{"self":[{"href":"http:\/\/www.rincondelbulla.cl\/portal\/wp-json\/wp\/v2\/posts\/19251","targetHints":{"allow":["GET"]}}],"collection":[{"href":"http:\/\/www.rincondelbulla.cl\/portal\/wp-json\/wp\/v2\/posts"}],"about":[{"href":"http:\/\/www.rincondelbulla.cl\/portal\/wp-json\/wp\/v2\/types\/post"}],"author":[{"embeddable":true,"href":"http:\/\/www.rincondelbulla.cl\/portal\/wp-json\/wp\/v2\/users\/21398"}],"replies":[{"embeddable":true,"href":"http:\/\/www.rincondelbulla.cl\/portal\/wp-json\/wp\/v2\/comments?post=19251"}],"version-history":[{"count":2,"href":"http:\/\/www.rincondelbulla.cl\/portal\/wp-json\/wp\/v2\/posts\/19251\/revisions"}],"predecessor-version":[{"id":19255,"href":"http:\/\/www.rincondelbulla.cl\/portal\/wp-json\/wp\/v2\/posts\/19251\/revisions\/19255"}],"wp:featuredmedia":[{"embeddable":true,"href":"http:\/\/www.rincondelbulla.cl\/portal\/wp-json\/wp\/v2\/media\/19253"}],"wp:attachment":[{"href":"http:\/\/www.rincondelbulla.cl\/portal\/wp-json\/wp\/v2\/media?parent=19251"}],"wp:term":[{"taxonomy":"category","embeddable":true,"href":"http:\/\/www.rincondelbulla.cl\/portal\/wp-json\/wp\/v2\/categories?post=19251"},{"taxonomy":"post_tag","embeddable":true,"href":"http:\/\/www.rincondelbulla.cl\/portal\/wp-json\/wp\/v2\/tags?post=19251"}],"curies":[{"name":"wp","href":"https:\/\/api.w.org\/{rel}","templated":true}]}}