{"id":19256,"date":"2022-07-05T13:08:40","date_gmt":"2022-07-05T17:08:40","guid":{"rendered":"http:\/\/www.rincondelbulla.cl\/portal\/?p=19256"},"modified":"2022-07-05T13:17:55","modified_gmt":"2022-07-05T17:17:55","slug":"manuel-mayo-aun-no-tenemos-la-certeza-de-que-posicion-o-si-es-que-no-necesitamos-reforzar","status":"publish","type":"post","link":"http:\/\/www.rincondelbulla.cl\/portal\/2022\/07\/05\/manuel-mayo-aun-no-tenemos-la-certeza-de-que-posicion-o-si-es-que-no-necesitamos-reforzar\/","title":{"rendered":"Manuel Mayo: \u00abNo tenemos la certeza de qu\u00e9 posici\u00f3n o si es que no necesitamos reforzar\u00bb"},"content":{"rendered":"\n<p>Emmanuel Ojeda y Nery Dom\u00ednguez son los dos nombres que han arribado a la Univerisdad de Chile en esta intertemporada, donde las labores en la gerencia deportiva las lleva Manuel Mayo.<\/p>\n<p>Fue \u00e9l quien esta tarde clarific\u00f3 un poco el panorama de los azules, teniendo en cuenta la posibilidad de tener un tercer e incluso un cuarto refuerzo tras la salida de Hern\u00e1n Gal\u00edndez.<\/p>\n<p>\u00abEstamos en la b\u00fasqueda de un arquero. Cristobal ha demostrado que est\u00e1 lo suficientemente preparado para el arco de la \u00abU\u00bb, tenemos otro arquero de casa como Pedro Garrido al quele vemos mucha proyecci\u00f3n, y con la salida de Hern\u00e1n neccesitamos un tercer arquero que venga a competir con ellos dos. Estamos en la b\u00fasqueda de \u00e9l\u00bb, se\u00f1al\u00f3 Mayo.<\/p>\n<p>El gerente agreg\u00f3 que a\u00fan no hay certeza de que pueda llegar otro jugador de campo. \u00abTenemos otra posibilidad (de refuerzo) que con Diego la estamos evaluando, no tenemos la certeza de qu\u00e9 posici\u00f3n o si es que no necesitamos reforzar, pero la de arquero s\u00ed\u00bb, se\u00f1al\u00f3.<\/p>\n<p>En la misma l\u00ednea se\u00f1al\u00f3 que \u00abla prioridad es el arquero y despu\u00e9s no podr\u00eda hablar mucho del cuarto refuerzo, porque no tenemos la certeza con Diego. A\u00fan nos queda tiempo para el cierre del libro de pases. Cuando tengamos esa certeza la comentaremos ac\u00e1\u00bb.<\/p>\n<p>\u00a0<\/p>\n<p>\u00a0<\/p>\n","protected":false},"excerpt":{"rendered":"<p>Emmanuel Ojeda y Nery Dom\u00ednguez son los dos nombres que han arribado a la Univerisdad de Chile en esta intertemporada, donde las labores en la gerencia deportiva las lleva Manuel Mayo. Fue \u00e9l quien esta tarde clarific\u00f3 un poco el panorama de los azules, teniendo en cuenta la posibilidad de tener un tercer e incluso [&#8230;]<\/p>\n","protected":false},"author":65,"featured_media":19257,"comment_status":"closed","ping_status":"open","sticky":false,"template":"","format":"standard","meta":{"footnotes":""},"categories":[18],"tags":[786,777,294],"class_list":{"0":"post-19256","1":"post","2":"type-post","3":"status-publish","4":"format-standard","5":"has-post-thumbnail","7":"category-actualidad","8":"tag-arquero","9":"tag-refuerzo","10":"tag-u-de-chile"},"_links":{"self":[{"href":"http:\/\/www.rincondelbulla.cl\/portal\/wp-json\/wp\/v2\/posts\/19256","targetHints":{"allow":["GET"]}}],"collection":[{"href":"http:\/\/www.rincondelbulla.cl\/portal\/wp-json\/wp\/v2\/posts"}],"about":[{"href":"http:\/\/www.rincondelbulla.cl\/portal\/wp-json\/wp\/v2\/types\/post"}],"author":[{"embeddable":true,"href":"http:\/\/www.rincondelbulla.cl\/portal\/wp-json\/wp\/v2\/users\/65"}],"replies":[{"embeddable":true,"href":"http:\/\/www.rincondelbulla.cl\/portal\/wp-json\/wp\/v2\/comments?post=19256"}],"version-history":[{"count":3,"href":"http:\/\/www.rincondelbulla.cl\/portal\/wp-json\/wp\/v2\/posts\/19256\/revisions"}],"predecessor-version":[{"id":19260,"href":"http:\/\/www.rincondelbulla.cl\/portal\/wp-json\/wp\/v2\/posts\/19256\/revisions\/19260"}],"wp:featuredmedia":[{"embeddable":true,"href":"http:\/\/www.rincondelbulla.cl\/portal\/wp-json\/wp\/v2\/media\/19257"}],"wp:attachment":[{"href":"http:\/\/www.rincondelbulla.cl\/portal\/wp-json\/wp\/v2\/media?parent=19256"}],"wp:term":[{"taxonomy":"category","embeddable":true,"href":"http:\/\/www.rincondelbulla.cl\/portal\/wp-json\/wp\/v2\/categories?post=19256"},{"taxonomy":"post_tag","embeddable":true,"href":"http:\/\/www.rincondelbulla.cl\/portal\/wp-json\/wp\/v2\/tags?post=19256"}],"curies":[{"name":"wp","href":"https:\/\/api.w.org\/{rel}","templated":true}]}}