{"id":19621,"date":"2022-09-29T20:31:02","date_gmt":"2022-09-29T23:31:02","guid":{"rendered":"https:\/\/www.rincondelbulla.cl\/portal\/?p=19621"},"modified":"2022-09-29T20:35:45","modified_gmt":"2022-09-29T23:35:45","slug":"cual-es-el-criterio-rechazan-orden-de-no-innovar-para-que-la-u-tuviera-publico-ante-audax","status":"publish","type":"post","link":"http:\/\/www.rincondelbulla.cl\/portal\/2022\/09\/29\/cual-es-el-criterio-rechazan-orden-de-no-innovar-para-que-la-u-tuviera-publico-ante-audax\/","title":{"rendered":"\u00bfCu\u00e1l es el criterio? Rechazan orden de no innovar para que la \u00abU\u00bb tuviera p\u00fablico ante Audax"},"content":{"rendered":"\n<p>Y si Cat\u00f3lica pudo, por qu\u00e9 la \u00abU\u00bb no. Y es que los cruzados, antes que sucediera todo lo lamentable de Valpara\u00edso, presentaba una orden de no innovar y una apelaci\u00f3n a un castigo id\u00e9ntico al de los azules.\u00a0<\/p>\n<p>Y como ellos tuvieron la suerte de poder tener p\u00fablico, todos pensaban que esta tarde la Segunda Sala del Tribunal de Disciplina rechaz\u00f3 la orden de innovar solicitada por Azul Azul.<\/p>\n<p>Una situaci\u00f3n que no se logra entender, esto a la hora de equiparar los criterios y abre una duda m\u00e1s sobre todo lo que ha ocurrido en las \u00faltimas horas con los votos de la ANFP para que el partido de Copa Chile se siga jugando y tambi\u00e9n en el f\u00fatbol femenino, donde ante una solicitud la asociaci\u00f3n s\u00ed le suspendi\u00f3 el partido a la UC, pero no le quiso cambiar el horario a la \u00abU\u00bb.<\/p>\n<p>El Tribunal cit\u00f3 a los azules para el pr\u00f3ximo mi\u00e9rcoles para conocer el fallo final de la apelaci\u00f3n presentada por la dirigencia.<\/p>\n","protected":false},"excerpt":{"rendered":"<p>Y si Cat\u00f3lica pudo, por qu\u00e9 la \u00abU\u00bb no. Y es que los cruzados, antes que sucediera todo lo lamentable de Valpara\u00edso, presentaba una orden de no innovar y una apelaci\u00f3n a un castigo id\u00e9ntico al de los azules.\u00a0 Y como ellos tuvieron la suerte de poder tener p\u00fablico, todos pensaban que esta tarde la [&#8230;]<\/p>\n","protected":false},"author":65,"featured_media":19622,"comment_status":"closed","ping_status":"open","sticky":false,"template":"","format":"standard","meta":{"footnotes":""},"categories":[18],"tags":[1275,294],"class_list":{"0":"post-19621","1":"post","2":"type-post","3":"status-publish","4":"format-standard","5":"has-post-thumbnail","7":"category-actualidad","8":"tag-tribunal-de-disciplina","9":"tag-u-de-chile"},"_links":{"self":[{"href":"http:\/\/www.rincondelbulla.cl\/portal\/wp-json\/wp\/v2\/posts\/19621","targetHints":{"allow":["GET"]}}],"collection":[{"href":"http:\/\/www.rincondelbulla.cl\/portal\/wp-json\/wp\/v2\/posts"}],"about":[{"href":"http:\/\/www.rincondelbulla.cl\/portal\/wp-json\/wp\/v2\/types\/post"}],"author":[{"embeddable":true,"href":"http:\/\/www.rincondelbulla.cl\/portal\/wp-json\/wp\/v2\/users\/65"}],"replies":[{"embeddable":true,"href":"http:\/\/www.rincondelbulla.cl\/portal\/wp-json\/wp\/v2\/comments?post=19621"}],"version-history":[{"count":2,"href":"http:\/\/www.rincondelbulla.cl\/portal\/wp-json\/wp\/v2\/posts\/19621\/revisions"}],"predecessor-version":[{"id":19625,"href":"http:\/\/www.rincondelbulla.cl\/portal\/wp-json\/wp\/v2\/posts\/19621\/revisions\/19625"}],"wp:featuredmedia":[{"embeddable":true,"href":"http:\/\/www.rincondelbulla.cl\/portal\/wp-json\/wp\/v2\/media\/19622"}],"wp:attachment":[{"href":"http:\/\/www.rincondelbulla.cl\/portal\/wp-json\/wp\/v2\/media?parent=19621"}],"wp:term":[{"taxonomy":"category","embeddable":true,"href":"http:\/\/www.rincondelbulla.cl\/portal\/wp-json\/wp\/v2\/categories?post=19621"},{"taxonomy":"post_tag","embeddable":true,"href":"http:\/\/www.rincondelbulla.cl\/portal\/wp-json\/wp\/v2\/tags?post=19621"}],"curies":[{"name":"wp","href":"https:\/\/api.w.org\/{rel}","templated":true}]}}