{"id":1969,"date":"2010-01-25T08:56:12","date_gmt":"2010-01-25T08:56:12","guid":{"rendered":"http:\/\/www.rincondelbulla.cl\/portal\/?p=1969"},"modified":"2010-01-25T08:56:12","modified_gmt":"2010-01-25T08:56:12","slug":"pelusso-tras-la-victoria-ante-cobresal-no-se-si-sera-un-debut-sonado-pero-es-bueno-comenzar-asi","status":"publish","type":"post","link":"http:\/\/www.rincondelbulla.cl\/portal\/2010\/01\/25\/pelusso-tras-la-victoria-ante-cobresal-no-se-si-sera-un-debut-sonado-pero-es-bueno-comenzar-asi\/","title":{"rendered":"Pelusso tras la victoria ante Cobresal: \u00abNo s\u00e9 si ser\u00e1 un debut so\u00f1ado, pero es bueno comenzar as\u00ed\u00bb"},"content":{"rendered":"<p><img loading=\"lazy\" decoding=\"async\" src=\"http:\/\/www.cooperativa.cl\/prontus_nots\/site\/artic\/20100124\/imag\/FOTO_0220100124224151.jpg\" style=\"margin: 5px; float: left; width: 134px; height: 87px\" height=\"87\" width=\"134\" \/><b>Alab&oacute; el rendimiento y &quot;jerarqu&iacute;a&quot; de sus dirigidos para ganar el compromiso.<\/b><br \/> El t&eacute;cnico de Universidad de Chile, el uruguayo Gerardo Pelusso analiz&oacute; la abultada victoria de Universidad de Chile sobre Cobresal, en el Estadio Bicentenario &quot;Francisco S&aacute;nchez Rumoroso&quot; y afirm&oacute; que &quot;l&oacute;gicamente llegamos al partido pensando y tratando de hace un buen encuentro y ganarlo. No s&eacute; si  <!--more--> ser&aacute; un debut so&ntilde;ado, pero es bueno comenzar as&iacute;&quot;.<\/p>\n<p> En conversaci&oacute;n con el CDF, el DT charr&uacute;a dijo que &quot;en el primer tiempo nos fuimos 1-1 en le marcador y no fue reflejo del partido, es m&aacute;s yo creo que deber&iacute;a haber terminado con un gol m&aacute;s de diferencia. Yo creo que en el comienzo del segundo tiempo el equipo mostr&oacute; su jerarqu&iacute;a. Encontr&oacute; los caminos hacia el gol y los liquidamos&quot;.<\/p>\n<p> En referencia al sistema de juego que utiliz&oacute; en esta fecha, Pelusso dijo que &quot;estamos buscando un sistema de juego que se adecue a los jugadores que tenemos y l&oacute;gicamente vamos a tratar de buscar alternativas y variantes porque no todos los rivales son&nbsp; iguales&quot;.<\/p>\n<p> Adem&aacute;s se refiri&oacute; a la gran cantidad de arietes que fueron incorporados al cuadro laico, se&ntilde;alando que &quot;a mi juicio creo que el plantel estaba un poco corto y hemos tratado de fortalecer el plantel ah&iacute;. Estoy muy conforme con los jugadores&quot;. <\/p>\n","protected":false},"excerpt":{"rendered":"<p>Alab&oacute; el rendimiento y &quot;jerarqu&iacute;a&quot; de sus dirigidos para ganar el compromiso. El t&eacute;cnico de Universidad de Chile, el uruguayo Gerardo Pelusso analiz&oacute; la abultada victoria de Universidad de Chile sobre Cobresal, en el Estadio Bicentenario &quot;Francisco S&aacute;nchez Rumoroso&quot; y afirm&oacute; que &quot;l&oacute;gicamente llegamos al partido pensando y tratando de hace un buen encuentro y [&#8230;]<\/p>\n","protected":false},"author":1,"featured_media":0,"comment_status":"open","ping_status":"open","sticky":false,"template":"","format":"standard","meta":{"footnotes":""},"categories":[18],"tags":[],"class_list":{"0":"post-1969","1":"post","2":"type-post","3":"status-publish","4":"format-standard","6":"category-actualidad"},"_links":{"self":[{"href":"http:\/\/www.rincondelbulla.cl\/portal\/wp-json\/wp\/v2\/posts\/1969","targetHints":{"allow":["GET"]}}],"collection":[{"href":"http:\/\/www.rincondelbulla.cl\/portal\/wp-json\/wp\/v2\/posts"}],"about":[{"href":"http:\/\/www.rincondelbulla.cl\/portal\/wp-json\/wp\/v2\/types\/post"}],"author":[{"embeddable":true,"href":"http:\/\/www.rincondelbulla.cl\/portal\/wp-json\/wp\/v2\/users\/1"}],"replies":[{"embeddable":true,"href":"http:\/\/www.rincondelbulla.cl\/portal\/wp-json\/wp\/v2\/comments?post=1969"}],"version-history":[{"count":0,"href":"http:\/\/www.rincondelbulla.cl\/portal\/wp-json\/wp\/v2\/posts\/1969\/revisions"}],"wp:attachment":[{"href":"http:\/\/www.rincondelbulla.cl\/portal\/wp-json\/wp\/v2\/media?parent=1969"}],"wp:term":[{"taxonomy":"category","embeddable":true,"href":"http:\/\/www.rincondelbulla.cl\/portal\/wp-json\/wp\/v2\/categories?post=1969"},{"taxonomy":"post_tag","embeddable":true,"href":"http:\/\/www.rincondelbulla.cl\/portal\/wp-json\/wp\/v2\/tags?post=1969"}],"curies":[{"name":"wp","href":"https:\/\/api.w.org\/{rel}","templated":true}]}}