{"id":19834,"date":"2023-01-14T21:41:40","date_gmt":"2023-01-15T00:41:40","guid":{"rendered":"http:\/\/www.rincondelbulla.cl\/portal\/?p=19834"},"modified":"2023-01-14T21:43:08","modified_gmt":"2023-01-15T00:43:08","slug":"las-leonas-comienzan-su-armado-2023","status":"publish","type":"post","link":"http:\/\/www.rincondelbulla.cl\/portal\/2023\/01\/14\/las-leonas-comienzan-su-armado-2023\/","title":{"rendered":"Las Leonas comienzan su armado 2023"},"content":{"rendered":"\n\n\n<p>Luego de la renovaci\u00f3n a gran parte de su plantilla y la salida confirmada de Sonya Keefe, Paloma Lopez, Gabriela Huertas, Vanina Correa y Mar\u00eda Fernanda Zu\u00f1iga, Las Leonas comienzan a buscar refuerzos para lograr los desaf\u00edos de la temporada.<\/p>\n<p>En el arco, a falta del anuncio oficial, la U tendr\u00eda todo acordado Gabriela B\u00f3rquez. La ex arquera de Santiago Morning y seleccionada nacional de 24 a\u00f1os arribar\u00eda al conjunto laico y compartir\u00eda con Natalia Campos, que ya renov\u00f3 por 2 temporadas.<\/p>\n<p>No ser\u00eda la \u00fanica refuerzo para esta temporada porque la U estar\u00eda detr\u00e1s de Nicole Fajre. La actual mediocampista de Santiago Morning, campeona con la Universidad de Chile y ex capitana, es la elegida por el cuerpo t\u00e9cnico y por la dirigencia para ocupar nuevamente la 10 azul.<\/p>\n<p>Pero no solo eso, porque la U habr\u00eda ganado la batalla por Franchesca Caniguan. La delantera de Fern\u00e1ndez Vial, quien anot\u00f3 16 goles la temporada 2022, tendr\u00eda un acuerdo con la U para llegar al conjunto laico. Si ambas partes cumplen con su palabra, la Chesca ser\u00eda un bombazo en el mercado de fichajes porque todo indicaba que llegar\u00eda a Colo-Colo.<\/p>\n","protected":false},"excerpt":{"rendered":"<p>Luego de la renovaci\u00f3n a gran parte de su plantilla y la salida confirmada de Sonya Keefe, Paloma Lopez, Gabriela Huertas, Vanina Correa y Mar\u00eda Fernanda Zu\u00f1iga, Las Leonas comienzan a buscar refuerzos para lograr los desaf\u00edos de la temporada. En el arco, a falta del anuncio oficial, la U tendr\u00eda todo acordado Gabriela B\u00f3rquez. [&#8230;]<\/p>\n","protected":false},"author":21398,"featured_media":19831,"comment_status":"closed","ping_status":"open","sticky":false,"template":"","format":"standard","meta":{"footnotes":""},"categories":[18],"tags":[],"class_list":{"0":"post-19834","1":"post","2":"type-post","3":"status-publish","4":"format-standard","5":"has-post-thumbnail","7":"category-actualidad"},"_links":{"self":[{"href":"http:\/\/www.rincondelbulla.cl\/portal\/wp-json\/wp\/v2\/posts\/19834","targetHints":{"allow":["GET"]}}],"collection":[{"href":"http:\/\/www.rincondelbulla.cl\/portal\/wp-json\/wp\/v2\/posts"}],"about":[{"href":"http:\/\/www.rincondelbulla.cl\/portal\/wp-json\/wp\/v2\/types\/post"}],"author":[{"embeddable":true,"href":"http:\/\/www.rincondelbulla.cl\/portal\/wp-json\/wp\/v2\/users\/21398"}],"replies":[{"embeddable":true,"href":"http:\/\/www.rincondelbulla.cl\/portal\/wp-json\/wp\/v2\/comments?post=19834"}],"version-history":[{"count":2,"href":"http:\/\/www.rincondelbulla.cl\/portal\/wp-json\/wp\/v2\/posts\/19834\/revisions"}],"predecessor-version":[{"id":19836,"href":"http:\/\/www.rincondelbulla.cl\/portal\/wp-json\/wp\/v2\/posts\/19834\/revisions\/19836"}],"wp:featuredmedia":[{"embeddable":true,"href":"http:\/\/www.rincondelbulla.cl\/portal\/wp-json\/wp\/v2\/media\/19831"}],"wp:attachment":[{"href":"http:\/\/www.rincondelbulla.cl\/portal\/wp-json\/wp\/v2\/media?parent=19834"}],"wp:term":[{"taxonomy":"category","embeddable":true,"href":"http:\/\/www.rincondelbulla.cl\/portal\/wp-json\/wp\/v2\/categories?post=19834"},{"taxonomy":"post_tag","embeddable":true,"href":"http:\/\/www.rincondelbulla.cl\/portal\/wp-json\/wp\/v2\/tags?post=19834"}],"curies":[{"name":"wp","href":"https:\/\/api.w.org\/{rel}","templated":true}]}}