{"id":19890,"date":"2023-02-06T15:01:27","date_gmt":"2023-02-06T18:01:27","guid":{"rendered":"http:\/\/www.rincondelbulla.cl\/portal\/?p=19890"},"modified":"2023-02-06T15:01:29","modified_gmt":"2023-02-06T18:01:29","slug":"la-u-hara-de-local-en-la-serena-para-recibir-a-magallanes","status":"publish","type":"post","link":"http:\/\/www.rincondelbulla.cl\/portal\/2023\/02\/06\/la-u-hara-de-local-en-la-serena-para-recibir-a-magallanes\/","title":{"rendered":"La \u00abU\u00bb har\u00e1 de local en La Serena para recibir a Magallanes"},"content":{"rendered":"\n<p>Pese a que se anunci\u00f3 un acuerdo por el uso de Santa Laura por todo el 2023, el estado de su cancha ha hecho que la \u00abU\u00bb nuevamente tenga que emigrar. Ya hizo de local en Valpara\u00edso y ahora deber\u00e1 realizarlo en La Serena.<\/p>\n<p>El partido en cuesti\u00f3n es el de la cuarta fecha ante Magallanes y que tambi\u00e9n sufri\u00f3 la modificaci\u00f3n del horario de las 20.30 horas a las 12 horas. Esto se debe a que La Portada tiene problemas con las luminarias, por lo cual la ANFP debi\u00f3 realizar este cambio.<\/p>\n<p>Los motivos de emigrar a la cuarta regi\u00f3n se basan ante \u00abla imposibilidad de utilizar el Santa Laura, cuya cancha est\u00e1 en per\u00edodo de reparaci\u00f3n. Nuestro Club tambi\u00e9n busc\u00f3 jugar en Valpara\u00edso, pero por asuntos log\u00edsticos de la autoridad y por la programaci\u00f3n del torneo, no se pudo concretar tal opci\u00f3n\u00bb, expres\u00f3 un comunicado de la \u00abU\u00bb.<\/p>\n<p>Lamentablemente, para quienes tienen su abono y no puedan trasladarse, el contrato firmado con Azul Azul al momento de su compra detalla que ante situaciones como estas \u00abse exime de toda responsabilidad por dicha situaci\u00f3n y el abonado no tendr\u00e1 derecho a indemnizaci\u00f3n, compensaci\u00f3n o reembolso de ning\u00fan tipo\u00bb.<\/p>\n<p>Una pol\u00edtica que deja de lado al hincha y que complica a quienes confiaron en el acuerdo suscrito por la \u00abU\u00bb y Uni\u00f3n Espa\u00f1ola por el uso del estadio Santa Laura por todo el 2023.<\/p>\n<p>\u00a0<\/p>\n","protected":false},"excerpt":{"rendered":"<p>Pese a que se anunci\u00f3 un acuerdo por el uso de Santa Laura por todo el 2023, el estado de su cancha ha hecho que la \u00abU\u00bb nuevamente tenga que emigrar. Ya hizo de local en Valpara\u00edso y ahora deber\u00e1 realizarlo en La Serena. El partido en cuesti\u00f3n es el de la cuarta fecha ante [&#8230;]<\/p>\n","protected":false},"author":65,"featured_media":19891,"comment_status":"closed","ping_status":"open","sticky":false,"template":"","format":"standard","meta":{"footnotes":""},"categories":[18],"tags":[1995,504],"class_list":{"0":"post-19890","1":"post","2":"type-post","3":"status-publish","4":"format-standard","5":"has-post-thumbnail","7":"category-actualidad","8":"tag-la-portada","9":"tag-la-serena"},"_links":{"self":[{"href":"http:\/\/www.rincondelbulla.cl\/portal\/wp-json\/wp\/v2\/posts\/19890","targetHints":{"allow":["GET"]}}],"collection":[{"href":"http:\/\/www.rincondelbulla.cl\/portal\/wp-json\/wp\/v2\/posts"}],"about":[{"href":"http:\/\/www.rincondelbulla.cl\/portal\/wp-json\/wp\/v2\/types\/post"}],"author":[{"embeddable":true,"href":"http:\/\/www.rincondelbulla.cl\/portal\/wp-json\/wp\/v2\/users\/65"}],"replies":[{"embeddable":true,"href":"http:\/\/www.rincondelbulla.cl\/portal\/wp-json\/wp\/v2\/comments?post=19890"}],"version-history":[{"count":1,"href":"http:\/\/www.rincondelbulla.cl\/portal\/wp-json\/wp\/v2\/posts\/19890\/revisions"}],"predecessor-version":[{"id":19892,"href":"http:\/\/www.rincondelbulla.cl\/portal\/wp-json\/wp\/v2\/posts\/19890\/revisions\/19892"}],"wp:featuredmedia":[{"embeddable":true,"href":"http:\/\/www.rincondelbulla.cl\/portal\/wp-json\/wp\/v2\/media\/19891"}],"wp:attachment":[{"href":"http:\/\/www.rincondelbulla.cl\/portal\/wp-json\/wp\/v2\/media?parent=19890"}],"wp:term":[{"taxonomy":"category","embeddable":true,"href":"http:\/\/www.rincondelbulla.cl\/portal\/wp-json\/wp\/v2\/categories?post=19890"},{"taxonomy":"post_tag","embeddable":true,"href":"http:\/\/www.rincondelbulla.cl\/portal\/wp-json\/wp\/v2\/tags?post=19890"}],"curies":[{"name":"wp","href":"https:\/\/api.w.org\/{rel}","templated":true}]}}