{"id":19947,"date":"2023-02-28T13:28:41","date_gmt":"2023-02-28T16:28:41","guid":{"rendered":"http:\/\/www.rincondelbulla.cl\/portal\/?p=19947"},"modified":"2023-02-28T15:59:39","modified_gmt":"2023-02-28T18:59:39","slug":"pellegrino-toma-resguardos-con-el-chorri-palacios-seria-imprudente-usarlo-este-partido","status":"publish","type":"post","link":"http:\/\/www.rincondelbulla.cl\/portal\/2023\/02\/28\/pellegrino-toma-resguardos-con-el-chorri-palacios-seria-imprudente-usarlo-este-partido\/","title":{"rendered":"Pellegrino toma resguardos con el Chorri Palacios: \u00abSer\u00eda imprudente usarlo este partido\u00bb"},"content":{"rendered":"\n<p>Mauricio Pellegrino abord\u00f3 en conferencia de prensa la lesi\u00f3n del Cristian Palacios, que lo ha alejado dos fechas de las canchas y se piensa en su posibilidad de jugar el supercl\u00e1sico.<\/p>\n<p>El DT afirm\u00f3 que el goleador de la U, a pesar de entrenar diferenciado, est\u00e1 avanzando bien en su lesi\u00f3n: \u201cLas im\u00e1genes nuevas muestran que tiene cicatrizada su lesi\u00f3n. Lo importante es que est\u00e1 bien\u201d. \u00a0Sin embargo, Pellegrino manifest\u00f3 que \u201cser\u00eda imprudente ocuparlo este partido\u201d ante La Calera.<\/p>\n<p>Respecto a la llegada del Chorri al partido frente a Colo Colo, Pellegrino afirm\u00f3 que \u201cme la puedo jugar de que va a estar bien para ese partido\u201d.<\/p>\n","protected":false},"excerpt":{"rendered":"<p>Mauricio Pellegrino abord\u00f3 en conferencia de prensa la lesi\u00f3n del Cristian Palacios, que lo ha alejado dos fechas de las canchas y se piensa en su posibilidad de jugar el supercl\u00e1sico. El DT afirm\u00f3 que el goleador de la U, a pesar de entrenar diferenciado, est\u00e1 avanzando bien en su lesi\u00f3n: \u201cLas im\u00e1genes nuevas muestran [&#8230;]<\/p>\n","protected":false},"author":21408,"featured_media":19262,"comment_status":"closed","ping_status":"open","sticky":false,"template":"","format":"standard","meta":{"footnotes":""},"categories":[18],"tags":[1886,1844],"class_list":{"0":"post-19947","1":"post","2":"type-post","3":"status-publish","4":"format-standard","5":"has-post-thumbnail","7":"category-actualidad","8":"tag-chorri","9":"tag-cristian-palacios"},"_links":{"self":[{"href":"http:\/\/www.rincondelbulla.cl\/portal\/wp-json\/wp\/v2\/posts\/19947","targetHints":{"allow":["GET"]}}],"collection":[{"href":"http:\/\/www.rincondelbulla.cl\/portal\/wp-json\/wp\/v2\/posts"}],"about":[{"href":"http:\/\/www.rincondelbulla.cl\/portal\/wp-json\/wp\/v2\/types\/post"}],"author":[{"embeddable":true,"href":"http:\/\/www.rincondelbulla.cl\/portal\/wp-json\/wp\/v2\/users\/21408"}],"replies":[{"embeddable":true,"href":"http:\/\/www.rincondelbulla.cl\/portal\/wp-json\/wp\/v2\/comments?post=19947"}],"version-history":[{"count":2,"href":"http:\/\/www.rincondelbulla.cl\/portal\/wp-json\/wp\/v2\/posts\/19947\/revisions"}],"predecessor-version":[{"id":19950,"href":"http:\/\/www.rincondelbulla.cl\/portal\/wp-json\/wp\/v2\/posts\/19947\/revisions\/19950"}],"wp:featuredmedia":[{"embeddable":true,"href":"http:\/\/www.rincondelbulla.cl\/portal\/wp-json\/wp\/v2\/media\/19262"}],"wp:attachment":[{"href":"http:\/\/www.rincondelbulla.cl\/portal\/wp-json\/wp\/v2\/media?parent=19947"}],"wp:term":[{"taxonomy":"category","embeddable":true,"href":"http:\/\/www.rincondelbulla.cl\/portal\/wp-json\/wp\/v2\/categories?post=19947"},{"taxonomy":"post_tag","embeddable":true,"href":"http:\/\/www.rincondelbulla.cl\/portal\/wp-json\/wp\/v2\/tags?post=19947"}],"curies":[{"name":"wp","href":"https:\/\/api.w.org\/{rel}","templated":true}]}}