{"id":19967,"date":"2023-03-07T20:14:00","date_gmt":"2023-03-07T23:14:00","guid":{"rendered":"http:\/\/www.rincondelbulla.cl\/portal\/?p=19967"},"modified":"2023-03-07T21:14:55","modified_gmt":"2023-03-08T00:14:55","slug":"cristian-garay-sera-el-arbitro-del-superclasico","status":"publish","type":"post","link":"http:\/\/www.rincondelbulla.cl\/portal\/2023\/03\/07\/cristian-garay-sera-el-arbitro-del-superclasico\/","title":{"rendered":"Cristi\u00e1n Garay ser\u00e1 el \u00e1rbitro del Supercl\u00e1sico"},"content":{"rendered":"\n<p>Fecha, horarario y venta de entradas listos para el partido que enfrentar\u00e1 a Colo Colo y la Universidad de Chile. Otro de los elementos importantes confirmados es el cuerpo arbitral.<\/p>\n<p>El encargado de impartir justicia ser\u00e1 Cristi\u00e1n Garay, quien en esta temporada no ha dirigido a los azules pero s\u00ed a los albos, particularmente en el duelo ante Coquimbo Unido a fines de febrero, cuando cayeron por 2-3.<\/p>\n<p>Garay ser\u00e1 acompa\u00f1ado por Alejandro Molina (primer asistente), Claudio Urrutia (segundo asistente) y V\u00edctor Abarz\u00faa (cuarto \u00e1rbitro). En tanto en la cabina estar\u00e1n presentes Juan Lara (VAR), Rodrigo Carvajal (AVAR) y Manuel Mar\u00edn (AVAR2).<\/p>\n","protected":false},"excerpt":{"rendered":"<p>Fecha, horarario y venta de entradas listos para el partido que enfrentar\u00e1 a Colo Colo y la Universidad de Chile. Otro de los elementos importantes confirmados es el cuerpo arbitral. El encargado de impartir justicia ser\u00e1 Cristi\u00e1n Garay, quien en esta temporada no ha dirigido a los azules pero s\u00ed a los albos, particularmente en [&#8230;]<\/p>\n","protected":false},"author":1,"featured_media":19968,"comment_status":"closed","ping_status":"open","sticky":false,"template":"","format":"standard","meta":{"footnotes":""},"categories":[18],"tags":[885,44],"class_list":{"0":"post-19967","1":"post","2":"type-post","3":"status-publish","4":"format-standard","5":"has-post-thumbnail","7":"category-actualidad","8":"tag-arbitro","9":"tag-superclasico"},"_links":{"self":[{"href":"http:\/\/www.rincondelbulla.cl\/portal\/wp-json\/wp\/v2\/posts\/19967","targetHints":{"allow":["GET"]}}],"collection":[{"href":"http:\/\/www.rincondelbulla.cl\/portal\/wp-json\/wp\/v2\/posts"}],"about":[{"href":"http:\/\/www.rincondelbulla.cl\/portal\/wp-json\/wp\/v2\/types\/post"}],"author":[{"embeddable":true,"href":"http:\/\/www.rincondelbulla.cl\/portal\/wp-json\/wp\/v2\/users\/1"}],"replies":[{"embeddable":true,"href":"http:\/\/www.rincondelbulla.cl\/portal\/wp-json\/wp\/v2\/comments?post=19967"}],"version-history":[{"count":1,"href":"http:\/\/www.rincondelbulla.cl\/portal\/wp-json\/wp\/v2\/posts\/19967\/revisions"}],"predecessor-version":[{"id":19969,"href":"http:\/\/www.rincondelbulla.cl\/portal\/wp-json\/wp\/v2\/posts\/19967\/revisions\/19969"}],"wp:featuredmedia":[{"embeddable":true,"href":"http:\/\/www.rincondelbulla.cl\/portal\/wp-json\/wp\/v2\/media\/19968"}],"wp:attachment":[{"href":"http:\/\/www.rincondelbulla.cl\/portal\/wp-json\/wp\/v2\/media?parent=19967"}],"wp:term":[{"taxonomy":"category","embeddable":true,"href":"http:\/\/www.rincondelbulla.cl\/portal\/wp-json\/wp\/v2\/categories?post=19967"},{"taxonomy":"post_tag","embeddable":true,"href":"http:\/\/www.rincondelbulla.cl\/portal\/wp-json\/wp\/v2\/tags?post=19967"}],"curies":[{"name":"wp","href":"https:\/\/api.w.org\/{rel}","templated":true}]}}