{"id":19989,"date":"2023-03-13T14:39:10","date_gmt":"2023-03-13T17:39:10","guid":{"rendered":"http:\/\/www.rincondelbulla.cl\/portal\/?p=19989"},"modified":"2023-03-13T14:39:12","modified_gmt":"2023-03-13T17:39:12","slug":"jose-castro-sufrio-la-rotura-de-ligamento-cruzado-y-menisco-externo","status":"publish","type":"post","link":"http:\/\/www.rincondelbulla.cl\/portal\/2023\/03\/13\/jose-castro-sufrio-la-rotura-de-ligamento-cruzado-y-menisco-externo\/","title":{"rendered":"Jos\u00e9 Castro sufri\u00f3 la rotura de ligamento cruzado y menisco externo"},"content":{"rendered":"\n<p>Durante la ma\u00f1ana de este lunes, Universidad de Chile realiz\u00f3 los ex\u00e1menes m\u00e9dicos a Jos\u00e9 Castro y confirmaron que sufri\u00f3 una rotura de ligamento cruzado anterior y menisco externo de su rodilla izquierda.<\/p>\n<p>El jugador deber\u00e1 ser intervenido quir\u00fargicamente durante los pr\u00f3ximos d\u00edas. El comunicado no presenta tiempo estimado de recuperaci\u00f3n.<\/p>\n<p>Le mandamos todas nuestras fuerzas y le deseamos una pronta recuperaci\u00f3n.<\/p>\n","protected":false},"excerpt":{"rendered":"<p>Durante la ma\u00f1ana de este lunes, Universidad de Chile realiz\u00f3 los ex\u00e1menes m\u00e9dicos a Jos\u00e9 Castro y confirmaron que sufri\u00f3 una rotura de ligamento cruzado anterior y menisco externo de su rodilla izquierda. El jugador deber\u00e1 ser intervenido quir\u00fargicamente durante los pr\u00f3ximos d\u00edas. El comunicado no presenta tiempo estimado de recuperaci\u00f3n. Le mandamos todas nuestras [&#8230;]<\/p>\n","protected":false},"author":21408,"featured_media":19990,"comment_status":"closed","ping_status":"open","sticky":false,"template":"","format":"standard","meta":{"footnotes":""},"categories":[18],"tags":[],"class_list":{"0":"post-19989","1":"post","2":"type-post","3":"status-publish","4":"format-standard","5":"has-post-thumbnail","7":"category-actualidad"},"_links":{"self":[{"href":"http:\/\/www.rincondelbulla.cl\/portal\/wp-json\/wp\/v2\/posts\/19989","targetHints":{"allow":["GET"]}}],"collection":[{"href":"http:\/\/www.rincondelbulla.cl\/portal\/wp-json\/wp\/v2\/posts"}],"about":[{"href":"http:\/\/www.rincondelbulla.cl\/portal\/wp-json\/wp\/v2\/types\/post"}],"author":[{"embeddable":true,"href":"http:\/\/www.rincondelbulla.cl\/portal\/wp-json\/wp\/v2\/users\/21408"}],"replies":[{"embeddable":true,"href":"http:\/\/www.rincondelbulla.cl\/portal\/wp-json\/wp\/v2\/comments?post=19989"}],"version-history":[{"count":2,"href":"http:\/\/www.rincondelbulla.cl\/portal\/wp-json\/wp\/v2\/posts\/19989\/revisions"}],"predecessor-version":[{"id":20037,"href":"http:\/\/www.rincondelbulla.cl\/portal\/wp-json\/wp\/v2\/posts\/19989\/revisions\/20037"}],"wp:featuredmedia":[{"embeddable":true,"href":"http:\/\/www.rincondelbulla.cl\/portal\/wp-json\/wp\/v2\/media\/19990"}],"wp:attachment":[{"href":"http:\/\/www.rincondelbulla.cl\/portal\/wp-json\/wp\/v2\/media?parent=19989"}],"wp:term":[{"taxonomy":"category","embeddable":true,"href":"http:\/\/www.rincondelbulla.cl\/portal\/wp-json\/wp\/v2\/categories?post=19989"},{"taxonomy":"post_tag","embeddable":true,"href":"http:\/\/www.rincondelbulla.cl\/portal\/wp-json\/wp\/v2\/tags?post=19989"}],"curies":[{"name":"wp","href":"https:\/\/api.w.org\/{rel}","templated":true}]}}