{"id":20047,"date":"2023-07-26T17:09:58","date_gmt":"2023-07-26T21:09:58","guid":{"rendered":"http:\/\/www.rincondelbulla.cl\/portal\/?p=20047"},"modified":"2023-07-26T17:09:59","modified_gmt":"2023-07-26T21:09:59","slug":"vicente-fernandez-en-que-estado-llega-el-nuevo-refuerzo-de-la-u","status":"publish","type":"post","link":"http:\/\/www.rincondelbulla.cl\/portal\/2023\/07\/26\/vicente-fernandez-en-que-estado-llega-el-nuevo-refuerzo-de-la-u\/","title":{"rendered":"Vicente Fern\u00e1ndez: \u00bfen qu\u00e9 estado llega el nuevo refuerzo de la \u00abU\u00bb?"},"content":{"rendered":"\n<p>Pese a que todo indicaba que la \u00abU\u00bb no se reforzar\u00eda a mitad de este 2023, a un d\u00eda de que cierre la posibilidad de fichar, los azules han logrado concretar la llegada de un lateral izquierdo.<\/p>\n<p>Se trata de Viente Fern\u00e1ndez, quien llega desde Talleres de C\u00f3rdoba, con un paso en Palestino y formaci\u00f3n como futbolista en la Universidad Cat\u00f3lica.<\/p>\n<p>Si bien es cierto que su paso por el cuadro \u00e1rabe tuvo buenos momentos, en Argentina no logr\u00f3 mostrar su f\u00fatbol, ya que solo alcanz\u00f3 a jugar 40 minutos por la \u00abT\u00bb antes de una lesi\u00f3n a los meniscos que incluy\u00f3 una operaci\u00f3n.<\/p>\n<p>Desde Argentina indican a Rincondelbulla que sigue en proceso de recuperaci\u00f3n y que estiman que en un mes est\u00e9 apto para la competencia. De hecho, el \u00faltimo parte m\u00e9dico de Talleres indicaba que el jugador se mantiene en entrenamientos de fortalecimiento.<\/p>\n<p>Su partida a la \u00abU\u00bb obedecer\u00eda a la opci\u00f3n de liberar un cupo de extranjero, ya que el cuadro cordob\u00e9s tiene en carpeta a dos jugadores colombianos. Una jugada que acomoda en el CDA ya que no hay inversi\u00f3n de por medio.<\/p>\n","protected":false},"excerpt":{"rendered":"<p>Pese a que todo indicaba que la \u00abU\u00bb no se reforzar\u00eda a mitad de este 2023, a un d\u00eda de que cierre la posibilidad de fichar, los azules han logrado concretar la llegada de un lateral izquierdo. Se trata de Viente Fern\u00e1ndez, quien llega desde Talleres de C\u00f3rdoba, con un paso en Palestino y formaci\u00f3n [&#8230;]<\/p>\n","protected":false},"author":21398,"featured_media":20048,"comment_status":"closed","ping_status":"open","sticky":false,"template":"","format":"standard","meta":{"footnotes":""},"categories":[18],"tags":[2004],"class_list":{"0":"post-20047","1":"post","2":"type-post","3":"status-publish","4":"format-standard","5":"has-post-thumbnail","7":"category-actualidad","8":"tag-vicente-fernandez"},"_links":{"self":[{"href":"http:\/\/www.rincondelbulla.cl\/portal\/wp-json\/wp\/v2\/posts\/20047","targetHints":{"allow":["GET"]}}],"collection":[{"href":"http:\/\/www.rincondelbulla.cl\/portal\/wp-json\/wp\/v2\/posts"}],"about":[{"href":"http:\/\/www.rincondelbulla.cl\/portal\/wp-json\/wp\/v2\/types\/post"}],"author":[{"embeddable":true,"href":"http:\/\/www.rincondelbulla.cl\/portal\/wp-json\/wp\/v2\/users\/21398"}],"replies":[{"embeddable":true,"href":"http:\/\/www.rincondelbulla.cl\/portal\/wp-json\/wp\/v2\/comments?post=20047"}],"version-history":[{"count":1,"href":"http:\/\/www.rincondelbulla.cl\/portal\/wp-json\/wp\/v2\/posts\/20047\/revisions"}],"predecessor-version":[{"id":20049,"href":"http:\/\/www.rincondelbulla.cl\/portal\/wp-json\/wp\/v2\/posts\/20047\/revisions\/20049"}],"wp:featuredmedia":[{"embeddable":true,"href":"http:\/\/www.rincondelbulla.cl\/portal\/wp-json\/wp\/v2\/media\/20048"}],"wp:attachment":[{"href":"http:\/\/www.rincondelbulla.cl\/portal\/wp-json\/wp\/v2\/media?parent=20047"}],"wp:term":[{"taxonomy":"category","embeddable":true,"href":"http:\/\/www.rincondelbulla.cl\/portal\/wp-json\/wp\/v2\/categories?post=20047"},{"taxonomy":"post_tag","embeddable":true,"href":"http:\/\/www.rincondelbulla.cl\/portal\/wp-json\/wp\/v2\/tags?post=20047"}],"curies":[{"name":"wp","href":"https:\/\/api.w.org\/{rel}","templated":true}]}}