{"id":201,"date":"2007-08-23T15:17:31","date_gmt":"2007-08-23T15:17:31","guid":{"rendered":"http:\/\/www.rincondelbulla.cl\/portal\/?p=201"},"modified":"2007-08-23T15:17:31","modified_gmt":"2007-08-23T15:17:31","slug":"el-primer-herido-marcelo-salas-se-contracturo-en-practica-de-chile-y-es-duda-para-el-clasico","status":"publish","type":"post","link":"http:\/\/www.rincondelbulla.cl\/portal\/2007\/08\/23\/el-primer-herido-marcelo-salas-se-contracturo-en-practica-de-chile-y-es-duda-para-el-clasico\/","title":{"rendered":"El primer herido: Marcelo Salas se contractur\u00f3 en pr\u00e1ctica de Chile y es duda para el cl\u00e1sico"},"content":{"rendered":"<p><img decoding=\"async\" src=\"images\/stories\/salasnuevo5.jpg\" hspace=\"6\" alt=\"\" title=\"\" border=\"0\" style=\"float: left;\" \/><strong>El &#39;Matador&#39; se retir&oacute; antes del entrenamiento por precauci&oacute;n y el kinesi&oacute;logo Fernando Zamorano lo examin&oacute;, confirmando que sufri&oacute; una contractura en el aductor, que lo marginar&iacute;a de la pr&aacute;ctica vespertina y lo pone en duda para el duelo contra la Uc.<\/strong> <!--more--> <\/p>\n<p>Todo andaba bien hasta hoy. Ning&uacute;n lesionado, ning&uacute;n golpeado, hasta hoy. Marcelo Salas se retir&oacute; con molestias del entrenamiento. Fue revisado r&aacute;pidamente por el kinesi&oacute;logo Fernando Zamorano, quien ratific&oacute; que el &#39;Matador&#39; sufri&oacute; una contractura, que casi lo descarta del entrenamiento vespertino y lo pone en duda para el duelo del domingo contra Universidad Cat&oacute;lica.<\/p>\n<p>Salas hab&iacute;a&nbsp;realizado una buena pr&aacute;ctica,&nbsp;sobre todo&nbsp;cuando debi&oacute; devolver de primera, de espalda al p&oacute;rtico, y &#39;picar&#39; para definir. El &#39;Matador&#39; se vio con explosi&oacute;n y con gran capacidad de definici&oacute;n.<\/p>\n<p>Sin embargo, el retiro prematuro encendi&oacute; las alarmas.&nbsp;La revisi&oacute;n del profesional m&eacute;dico dictamin&oacute; que&nbsp;el hombre de Universidad de Chile sufri&oacute; una contractura, lo que lo pone en duda para el&nbsp;cl&aacute;sico&nbsp;universitario del domingo ante Universidad Cat&oacute;lica.&nbsp;&nbsp; <\/p>\n","protected":false},"excerpt":{"rendered":"<p>El &#39;Matador&#39; se retir&oacute; antes del entrenamiento por precauci&oacute;n y el kinesi&oacute;logo Fernando Zamorano lo examin&oacute;, confirmando que sufri&oacute; una contractura en el aductor, que lo marginar&iacute;a de la pr&aacute;ctica vespertina y lo pone en duda para el duelo contra la Uc.<\/p>\n","protected":false},"author":1,"featured_media":0,"comment_status":"open","ping_status":"open","sticky":false,"template":"","format":"standard","meta":{"footnotes":""},"categories":[18],"tags":[],"class_list":{"0":"post-201","1":"post","2":"type-post","3":"status-publish","4":"format-standard","6":"category-actualidad"},"_links":{"self":[{"href":"http:\/\/www.rincondelbulla.cl\/portal\/wp-json\/wp\/v2\/posts\/201","targetHints":{"allow":["GET"]}}],"collection":[{"href":"http:\/\/www.rincondelbulla.cl\/portal\/wp-json\/wp\/v2\/posts"}],"about":[{"href":"http:\/\/www.rincondelbulla.cl\/portal\/wp-json\/wp\/v2\/types\/post"}],"author":[{"embeddable":true,"href":"http:\/\/www.rincondelbulla.cl\/portal\/wp-json\/wp\/v2\/users\/1"}],"replies":[{"embeddable":true,"href":"http:\/\/www.rincondelbulla.cl\/portal\/wp-json\/wp\/v2\/comments?post=201"}],"version-history":[{"count":0,"href":"http:\/\/www.rincondelbulla.cl\/portal\/wp-json\/wp\/v2\/posts\/201\/revisions"}],"wp:attachment":[{"href":"http:\/\/www.rincondelbulla.cl\/portal\/wp-json\/wp\/v2\/media?parent=201"}],"wp:term":[{"taxonomy":"category","embeddable":true,"href":"http:\/\/www.rincondelbulla.cl\/portal\/wp-json\/wp\/v2\/categories?post=201"},{"taxonomy":"post_tag","embeddable":true,"href":"http:\/\/www.rincondelbulla.cl\/portal\/wp-json\/wp\/v2\/tags?post=201"}],"curies":[{"name":"wp","href":"https:\/\/api.w.org\/{rel}","templated":true}]}}