{"id":20117,"date":"2024-01-19T10:47:14","date_gmt":"2024-01-19T13:47:14","guid":{"rendered":"https:\/\/www.rincondelbulla.cl\/portal\/?p=20117"},"modified":"2024-01-19T10:47:16","modified_gmt":"2024-01-19T13:47:16","slug":"matias-sepulveda-es-presentado-en-la-u-y-luchara-por-un-cupo-en-un-poblado-mediocampo","status":"publish","type":"post","link":"http:\/\/www.rincondelbulla.cl\/portal\/2024\/01\/19\/matias-sepulveda-es-presentado-en-la-u-y-luchara-por-un-cupo-en-un-poblado-mediocampo\/","title":{"rendered":"Mat\u00edas Sep\u00falveda es presentado en la \u00abU\u00bb y luchar\u00e1 por un cupo en un poblado mediocampo"},"content":{"rendered":"\n<p>La Universidad de Chile ha presentado a su s\u00e9ptimo refuerzo. Se trata de Mat\u00edas Sep\u00falveda, quien llega proveniente de Audax Italiano, club donde a fines de este a\u00f1o qued\u00f3 como jugador libre.<\/p>\n<p>El \u00abTucu\u00bb dis\u00f9t\u00f3 39 partidos en la reciente temporada y es recordado por marcar un golazo desde la mitad de cancha. \u00ab<strong>Estoy muy feliz, tengo una alegr\u00eda enorme por estar en un club tan grande y agradezco a la instituci\u00f3n por haberme elegido para representar su camiseta<\/strong>\u201d, declar\u00f3 a la web del club.<\/p>\n<p>Sep\u00falveda tendr\u00e1 una dif\u00edcil misi\u00f3n, ya que se une a una zona que la \u00abU\u00bb tiene una gran variedad de jugadores: Marcelo D\u00edaz, Emmanuel Ojeda, Federico Mateos, Israel Poblete, Renato Cordero, Jeison Fuentealta y tambi\u00e9n a Lucas Assadi.<\/p>\n<p>Por lo mismo, el ex O&#8217;Higgins tendr\u00e1 que dar lo mejor de si en b\u00fasqueda de un cupo tanto en el campo de juego o en la citaci\u00f3n. \u00abEn cada entrenamiento y partido me esforzar\u00e9 por esta camiseta. Me siento preparado por este desaf\u00edo tan lindo, s\u00e9 la responsabilidad que conlleva y me siento preparado\u201d, agreg\u00f3.<\/p>\n","protected":false},"excerpt":{"rendered":"<p>La Universidad de Chile ha presentado a su s\u00e9ptimo refuerzo. Se trata de Mat\u00edas Sep\u00falveda, quien llega proveniente de Audax Italiano, club donde a fines de este a\u00f1o qued\u00f3 como jugador libre. El \u00abTucu\u00bb dis\u00f9t\u00f3 39 partidos en la reciente temporada y es recordado por marcar un golazo desde la mitad de cancha. \u00abEstoy muy [&#8230;]<\/p>\n","protected":false},"author":65,"featured_media":20118,"comment_status":"closed","ping_status":"open","sticky":false,"template":"","format":"standard","meta":{"footnotes":""},"categories":[18],"tags":[2005,777,294],"class_list":{"0":"post-20117","1":"post","2":"type-post","3":"status-publish","4":"format-standard","5":"has-post-thumbnail","7":"category-actualidad","8":"tag-matias-sepulveda","9":"tag-refuerzo","10":"tag-u-de-chile"},"_links":{"self":[{"href":"http:\/\/www.rincondelbulla.cl\/portal\/wp-json\/wp\/v2\/posts\/20117","targetHints":{"allow":["GET"]}}],"collection":[{"href":"http:\/\/www.rincondelbulla.cl\/portal\/wp-json\/wp\/v2\/posts"}],"about":[{"href":"http:\/\/www.rincondelbulla.cl\/portal\/wp-json\/wp\/v2\/types\/post"}],"author":[{"embeddable":true,"href":"http:\/\/www.rincondelbulla.cl\/portal\/wp-json\/wp\/v2\/users\/65"}],"replies":[{"embeddable":true,"href":"http:\/\/www.rincondelbulla.cl\/portal\/wp-json\/wp\/v2\/comments?post=20117"}],"version-history":[{"count":1,"href":"http:\/\/www.rincondelbulla.cl\/portal\/wp-json\/wp\/v2\/posts\/20117\/revisions"}],"predecessor-version":[{"id":20119,"href":"http:\/\/www.rincondelbulla.cl\/portal\/wp-json\/wp\/v2\/posts\/20117\/revisions\/20119"}],"wp:featuredmedia":[{"embeddable":true,"href":"http:\/\/www.rincondelbulla.cl\/portal\/wp-json\/wp\/v2\/media\/20118"}],"wp:attachment":[{"href":"http:\/\/www.rincondelbulla.cl\/portal\/wp-json\/wp\/v2\/media?parent=20117"}],"wp:term":[{"taxonomy":"category","embeddable":true,"href":"http:\/\/www.rincondelbulla.cl\/portal\/wp-json\/wp\/v2\/categories?post=20117"},{"taxonomy":"post_tag","embeddable":true,"href":"http:\/\/www.rincondelbulla.cl\/portal\/wp-json\/wp\/v2\/tags?post=20117"}],"curies":[{"name":"wp","href":"https:\/\/api.w.org\/{rel}","templated":true}]}}