{"id":202,"date":"2007-08-24T12:52:53","date_gmt":"2007-08-24T12:52:53","guid":{"rendered":"http:\/\/www.rincondelbulla.cl\/portal\/?p=202"},"modified":"2007-08-24T12:52:53","modified_gmt":"2007-08-24T12:52:53","slug":"marcelo-salas-supero-lesion-y-estara-en-el-clasico-ante-la-uc","status":"publish","type":"post","link":"http:\/\/www.rincondelbulla.cl\/portal\/2007\/08\/24\/marcelo-salas-supero-lesion-y-estara-en-el-clasico-ante-la-uc\/","title":{"rendered":"Marcelo Salas super\u00f3 lesi\u00f3n y estar\u00e1 en el cl\u00e1sico ante la Uc"},"content":{"rendered":"<p><img decoding=\"async\" src=\"images\/stories\/salasnuevo3.jpg\" hspace=\"6\" alt=\"\" title=\"\" border=\"0\" style=\"float: left;\" \/><strong>Al fin pueden respirar tranquilos en Universidad de Chile. El propio &#39;Matador&#39; confirm&oacute; que no se perder&aacute; el duelo ante los cruzados. La noticia fue ratificada por Arturo Salah, quien adem&aacute;s quiso poner punto final a la discusi&oacute;n por el tema Bielsa.<\/strong><br \/> Fue breve pero sirvi&oacute; para aclara la gran duda que <!--more-->  hab&iacute;a de cara al cl&aacute;sico universitario: Marcelo Salas confirm&oacute; que estar&aacute; presente el domingo en &Ntilde;u&ntilde;oa, lo cual posteriormente fue ratificado por el t&eacute;cnico Arturo Salah.  <\/p>\n<p>Aunque el &#39;Matador&#39; no quiso hablar con la prensa, se dio el tiempo de decir antes de retirarse del Caracol Azul de que iba a estar presente en el choque frente a Universidad Cat&oacute;lica.<\/p>\n<p>Luego, fue&nbsp;Arturo Salah quien aclar&oacute; la recuperaci&oacute;n de Salas. &quot;Lo importante es que est&aacute; bien, se confirm&oacute; una peque&ntilde;a contractura nada m&aacute;s, y est&aacute; citado por lo que ser&aacute; de la partida. S&oacute;lo fue por precauci&oacute;n el que no practicara en la jornada vespertina de ayer con la Selecci&oacute;n&quot;.<\/p>\n<p>El tema de Marcelo Bielsa estuvo presente una vez m&aacute;s en la tienda universitaria, aunque el DT fue enf&aacute;tico al se&ntilde;alar que desea darle un corte a tanta pol&eacute;mica por las comparaciones entre su estilo de entrenamiento con el de los entrenadores nacionales.<\/p>\n<p>&quot;Nadie se ha sentido pasado a llevar por esta discusi&oacute;n. Hay que estar contento por la venida de Bielsa ya que puede significar una reivindicaci&oacute;n en el estatus de los entrenadores chilenos. Nuestra profesi&oacute;n hay sido muy vapuleada en el &uacute;ltimo tiempo y veo con optimismo que &eacute;l lidere este nuevo proceso&quot;, analiz&oacute; Salah.<\/p>\n<p>De todas formas, agreg&oacute; que &quot;a la Selecci&oacute;n le va a ayudar mucho m&aacute;s que hablemos de la competencia interna, porque este fin de semana hay partidos muy atractivos pero se ha&nbsp;hablado muy poco de eso&quot;.<\/p>\n<p>Su an&aacute;lisis sobre el encuentro ante los cruzados es que ser&aacute; un encuentro &quot;intenso, para los dos equipos es una buena prueba por el nivel que venimos mostrando. Adem&aacute;s, los dos estamos luchando en grupos complicados, y por obtener un cupo para la Copa Libertadores&quot;.<\/p>\n<p>As&iacute;, el t&eacute;cnico consider&oacute; que ser&aacute; una nueva prueba sobre el verdadero nivel de su escuadra. &quot;Mientras m&aacute;s merecimientos tenga el rival, y lo podamos superar, mejor ser&aacute; para nuestro &aacute;nimo&quot;.<\/p>\n<p> Finalmente, Salah nuevamente aclar&oacute; que&nbsp;el equipo saldr&aacute; a jugar su f&uacute;tbol y su intenci&oacute;n no ser&aacute; refugiarse en su arco para luego preocuparse del ataque. &quot;Defender no es ning&uacute;n pecado, es un arte, pero atacar tambi&eacute;n lo es y esperamos poder hacerlo bien en las dos facetas del juego&quot;.<\/p>\n","protected":false},"excerpt":{"rendered":"<p>Al fin pueden respirar tranquilos en Universidad de Chile. El propio &#39;Matador&#39; confirm&oacute; que no se perder&aacute; el duelo ante los cruzados. La noticia fue ratificada por Arturo Salah, quien adem&aacute;s quiso poner punto final a la discusi&oacute;n por el tema Bielsa. Fue breve pero sirvi&oacute; para aclara la gran duda que<\/p>\n","protected":false},"author":1,"featured_media":0,"comment_status":"open","ping_status":"open","sticky":false,"template":"","format":"standard","meta":{"footnotes":""},"categories":[18],"tags":[],"class_list":{"0":"post-202","1":"post","2":"type-post","3":"status-publish","4":"format-standard","6":"category-actualidad"},"_links":{"self":[{"href":"http:\/\/www.rincondelbulla.cl\/portal\/wp-json\/wp\/v2\/posts\/202","targetHints":{"allow":["GET"]}}],"collection":[{"href":"http:\/\/www.rincondelbulla.cl\/portal\/wp-json\/wp\/v2\/posts"}],"about":[{"href":"http:\/\/www.rincondelbulla.cl\/portal\/wp-json\/wp\/v2\/types\/post"}],"author":[{"embeddable":true,"href":"http:\/\/www.rincondelbulla.cl\/portal\/wp-json\/wp\/v2\/users\/1"}],"replies":[{"embeddable":true,"href":"http:\/\/www.rincondelbulla.cl\/portal\/wp-json\/wp\/v2\/comments?post=202"}],"version-history":[{"count":0,"href":"http:\/\/www.rincondelbulla.cl\/portal\/wp-json\/wp\/v2\/posts\/202\/revisions"}],"wp:attachment":[{"href":"http:\/\/www.rincondelbulla.cl\/portal\/wp-json\/wp\/v2\/media?parent=202"}],"wp:term":[{"taxonomy":"category","embeddable":true,"href":"http:\/\/www.rincondelbulla.cl\/portal\/wp-json\/wp\/v2\/categories?post=202"},{"taxonomy":"post_tag","embeddable":true,"href":"http:\/\/www.rincondelbulla.cl\/portal\/wp-json\/wp\/v2\/tags?post=202"}],"curies":[{"name":"wp","href":"https:\/\/api.w.org\/{rel}","templated":true}]}}