{"id":2236,"date":"2010-12-15T09:51:18","date_gmt":"2010-12-15T09:51:18","guid":{"rendered":"http:\/\/www.rincondelbulla.cl\/portal\/?p=2236"},"modified":"2010-12-15T09:51:18","modified_gmt":"2010-12-15T09:51:18","slug":"sampaoli-es-el-dt-de-la-u","status":"publish","type":"post","link":"http:\/\/www.rincondelbulla.cl\/portal\/2010\/12\/15\/sampaoli-es-el-dt-de-la-u\/","title":{"rendered":"Sampaoli es el DT de la \u201cU\u201d"},"content":{"rendered":"<figure id=\"attachment_3869\" aria-describedby=\"caption-attachment-3869\" style=\"width: 600px\" class=\"wp-caption alignnone\"><img loading=\"lazy\" decoding=\"async\" class=\" size-full wp-image-3869\" src=\"http:\/\/www.rincondelbulla.cl\/portal\/wp-content\/uploads\/2010\/12\/29fae423e04fa96d20dcc5724f6d4e5c.jpg\" alt=\"Fuente: Triunfo.cl\" class=\"caption\" title=\"Sampaoli es el DT de la \u201cU\u201d\" width=\"600\" height=\"340\" srcset=\"http:\/\/www.rincondelbulla.cl\/portal\/wp-content\/uploads\/2010\/12\/29fae423e04fa96d20dcc5724f6d4e5c.jpg 600w, http:\/\/www.rincondelbulla.cl\/portal\/wp-content\/uploads\/2010\/12\/29fae423e04fa96d20dcc5724f6d4e5c-300x170.jpg 300w\" sizes=\"auto, (max-width: 600px) 100vw, 600px\" \/><figcaption id=\"caption-attachment-3869\" class=\"wp-caption-text\">Sampaoli es el DT de la \u201cU\u201d<\/figcaption><\/figure>\n<p><strong>Cuando se pensaba que todo estaba listo para que Diego Simeone asumiera en el elenco azul, arremeti\u00f3 el ex DT de O\u2019Higgins para quedarse con el puesto.<\/strong><br \/>Jorge Sampaoli, ex entrenador de O&#8217;Higgins y que acaba de ser segundo de la liga ecuatoriana con Emelec, es finalmente el elegido por Azul Azul para ser el nuevo t\u00e9cnico de Universidad de Chile.<\/p>\n<p>  <!--more-->  <\/p>\n<p>Sorpresa monumental, pues todo indicaba que el elegido ser\u00eda Diego Pablo Simeone, quien el martes se reuni\u00f3 por m\u00e1s de cinco horas con el presidente de la entidad universitaria, Federico Vald\u00e9s.<\/p>\n<p>Parec\u00eda todo finiquitado, pero al parecer cierta parte del directorio de Azul Azul pudo m\u00e1s y cumpli\u00f3 el sue\u00f1o de tener en el banco al \u00abBielsa chico\u00bb, como es llamado Sampaoli por su f\u00fatbol ofensivo, ya que qur\u00edan un estratego que asegurara un juego alegre, algo que desde hace mucho no se ve en el elenco del chuncho.<\/p>\n<p>As\u00ed, Jorge Sampaoli, de 50 a\u00f1os de edad y que dirigi\u00f3 al cuadro rancag\u00fcino entre 2008 y 2009, ser\u00e1 presentado este mi\u00e9rcoles desde las 12:30 horas.<\/p>\n<p>Adem\u00e1s, el calvo estratega tambi\u00e9n ha conducido a Juan Aurich (2002), Sports Boys (2002-2003), Coronel Bolognesi (2004-2005 y 2006) y Sporting Cristal (2007) en Per\u00fa.<\/p>\n<p>Un t\u00e9cnico que cobrar\u00eda 550 mil d\u00f3lares y que har\u00e1 que, ahora s\u00ed, la \u00abU\u00bb juegue a la ofensiva, pues tiene una propuesta muy similar a la de Marcelo Bielsa.<\/p>\n<p>\u00a0<\/p>\n","protected":false},"excerpt":{"rendered":"<p>Cuando se pensaba que todo estaba listo para que Diego Simeone asumiera en el elenco azul, arremeti\u00f3 el ex DT de O\u2019Higgins para quedarse con el puesto.Jorge Sampaoli, ex entrenador de O&#8217;Higgins y que acaba de ser segundo de la liga ecuatoriana con Emelec, es finalmente el elegido por Azul Azul para ser el nuevo [&#8230;]<\/p>\n","protected":false},"author":1,"featured_media":3869,"comment_status":"open","ping_status":"open","sticky":false,"template":"","format":"standard","meta":{"footnotes":""},"categories":[18],"tags":[],"class_list":{"0":"post-2236","1":"post","2":"type-post","3":"status-publish","4":"format-standard","5":"has-post-thumbnail","7":"category-actualidad"},"_links":{"self":[{"href":"http:\/\/www.rincondelbulla.cl\/portal\/wp-json\/wp\/v2\/posts\/2236","targetHints":{"allow":["GET"]}}],"collection":[{"href":"http:\/\/www.rincondelbulla.cl\/portal\/wp-json\/wp\/v2\/posts"}],"about":[{"href":"http:\/\/www.rincondelbulla.cl\/portal\/wp-json\/wp\/v2\/types\/post"}],"author":[{"embeddable":true,"href":"http:\/\/www.rincondelbulla.cl\/portal\/wp-json\/wp\/v2\/users\/1"}],"replies":[{"embeddable":true,"href":"http:\/\/www.rincondelbulla.cl\/portal\/wp-json\/wp\/v2\/comments?post=2236"}],"version-history":[{"count":0,"href":"http:\/\/www.rincondelbulla.cl\/portal\/wp-json\/wp\/v2\/posts\/2236\/revisions"}],"wp:featuredmedia":[{"embeddable":true,"href":"http:\/\/www.rincondelbulla.cl\/portal\/wp-json\/wp\/v2\/media\/3869"}],"wp:attachment":[{"href":"http:\/\/www.rincondelbulla.cl\/portal\/wp-json\/wp\/v2\/media?parent=2236"}],"wp:term":[{"taxonomy":"category","embeddable":true,"href":"http:\/\/www.rincondelbulla.cl\/portal\/wp-json\/wp\/v2\/categories?post=2236"},{"taxonomy":"post_tag","embeddable":true,"href":"http:\/\/www.rincondelbulla.cl\/portal\/wp-json\/wp\/v2\/tags?post=2236"}],"curies":[{"name":"wp","href":"https:\/\/api.w.org\/{rel}","templated":true}]}}