{"id":2237,"date":"2010-12-20T10:06:01","date_gmt":"2010-12-20T10:06:01","guid":{"rendered":"http:\/\/www.rincondelbulla.cl\/portal\/?p=2237"},"modified":"2010-12-20T10:06:01","modified_gmt":"2010-12-20T10:06:01","slug":"gustavo-canales-ya-es-azul-y-chileno","status":"publish","type":"post","link":"http:\/\/www.rincondelbulla.cl\/portal\/2010\/12\/20\/gustavo-canales-ya-es-azul-y-chileno\/","title":{"rendered":"Gustavo Canales ya es azul y chileno"},"content":{"rendered":"<p><img loading=\"lazy\" decoding=\"async\" class=\" size-full wp-image-3870\" src=\"http:\/\/www.rincondelbulla.cl\/portal\/wp-content\/uploads\/2010\/12\/6b9280c40102728fdda72814fe9e4098.jpg\" alt=\"Fuente: Triunfo.cl\" width=\"600\" height=\"340\" srcset=\"http:\/\/www.rincondelbulla.cl\/portal\/wp-content\/uploads\/2010\/12\/6b9280c40102728fdda72814fe9e4098.jpg 600w, http:\/\/www.rincondelbulla.cl\/portal\/wp-content\/uploads\/2010\/12\/6b9280c40102728fdda72814fe9e4098-300x170.jpg 300w\" sizes=\"auto, (max-width: 600px) 100vw, 600px\" \/><\/p>\n<p><strong>El atacante recientemente nacionalizado fue presentado como jugador de Universidad de Chile tras desembolsar un mill\u00f3n 200 mil d\u00f3lares.<\/strong><br \/>El ex delantero argentino de Uni\u00f3n Espa\u00f1ola, Gustavo Canales, se convirti\u00f3 este lunes en el nuevo delantero de Universidad de Chile.<br \/>  <!--more-->  El ariete trasandino estuvo por la ma\u00f1anad de este lunes negociando con los dirigentes de Azul Azul en La Cisterna y lleg\u00f3 a completo acuerdo para cambiar de club.<\/p>\n<p>La concesionaria de la \u00abU\u00bb deber\u00e1 desembolsar la suma de 1 mill\u00f3n 200 mil d\u00f3lares por el pase del atacante, que el semestre pasado estuvo en River Plate y volvi\u00f3 por bajo desempe\u00f1o.<\/p>\n<p>\u00abAhora s\u00f3lo queda ponerme a las \u00f3rdenes del t\u00e9cnico. Vestir la camiseta de la &#8216;U&#8217; es siempre importante y una responsabilidad grande\u00bb, coment\u00f3 Canales al confirmar la noticia.<\/p>\n<p>El tambi\u00e9n ex Deportes La Serena llega por cuatro temporadas al elenco que dirige su compatriota Jorge Sampaoli.<\/p>\n<p>\u00abEspero que todo salga bien. Llego a un equipo muy importante y es muy significativo vestir esta camiseta. Espero estar a la altura y ser un aporte para el equipo\u00bb, a\u00f1adi\u00f3 Canales, quen sabe que deber\u00e1 mostrar su val\u00eda goleadora en una instituci\u00f3n donde ganar siempre el la prioridad.<\/p>\n<p>\u00abLa presi\u00f3n ac\u00e1 es la de ganar porque esu un equipo grande que no puede ceder puntos. La presi\u00f3n es grande, pero creo que estoy preparado para asumirla\u00bb, expres\u00f3 luego de ser presentado oficialmente por Azul Azul.<\/p>\n<p>El delantero adem\u00e1s no ocupar\u00e1 cupo de extranjero ya que hace un par de semanas recibi\u00f3 la nacionalidad chilena debido a que su madre y su abuela nacieron en nuestro pa\u00eds. Esta situaci\u00f3n tambi\u00e9n abre la posibilidad de que pueda ser llamado a integrar la Selecci\u00f3n Chilena ya que nunca integr\u00f3 alg\u00fan combinado albiceleste.<\/p>\n<p>\u00abTodo est\u00e1 en regla por si existe la posibilidad. En este momento, mi prioridad es la &#8216;U&#8217;. Primero hay que seguir demostrando, porque la &#8216;U&#8217; me va a pedir rendir domingo a domingo. Y luego de lograr eso, lo otro se ver\u00e1\u00bb, expres\u00f3.<\/p>\n<p>Por \u00faltimo, el espigado delantero no olvid\u00f3 su paso por el cuadro de Santa Laura: \u00abUni\u00f3n fue mi casa. Me dio la oportunidad de mostrarme y salir a un equipo m\u00e1s grande\u00bb.<\/p>\n","protected":false},"excerpt":{"rendered":"<p>El atacante recientemente nacionalizado fue presentado como jugador de Universidad de Chile tras desembolsar un mill\u00f3n 200 mil d\u00f3lares.El ex delantero argentino de Uni\u00f3n Espa\u00f1ola, Gustavo Canales, se convirti\u00f3 este lunes en el nuevo delantero de Universidad de Chile.<\/p>\n","protected":false},"author":1,"featured_media":3870,"comment_status":"open","ping_status":"open","sticky":false,"template":"","format":"standard","meta":{"footnotes":""},"categories":[18],"tags":[],"class_list":{"0":"post-2237","1":"post","2":"type-post","3":"status-publish","4":"format-standard","5":"has-post-thumbnail","7":"category-actualidad"},"_links":{"self":[{"href":"http:\/\/www.rincondelbulla.cl\/portal\/wp-json\/wp\/v2\/posts\/2237","targetHints":{"allow":["GET"]}}],"collection":[{"href":"http:\/\/www.rincondelbulla.cl\/portal\/wp-json\/wp\/v2\/posts"}],"about":[{"href":"http:\/\/www.rincondelbulla.cl\/portal\/wp-json\/wp\/v2\/types\/post"}],"author":[{"embeddable":true,"href":"http:\/\/www.rincondelbulla.cl\/portal\/wp-json\/wp\/v2\/users\/1"}],"replies":[{"embeddable":true,"href":"http:\/\/www.rincondelbulla.cl\/portal\/wp-json\/wp\/v2\/comments?post=2237"}],"version-history":[{"count":0,"href":"http:\/\/www.rincondelbulla.cl\/portal\/wp-json\/wp\/v2\/posts\/2237\/revisions"}],"wp:featuredmedia":[{"embeddable":true,"href":"http:\/\/www.rincondelbulla.cl\/portal\/wp-json\/wp\/v2\/media\/3870"}],"wp:attachment":[{"href":"http:\/\/www.rincondelbulla.cl\/portal\/wp-json\/wp\/v2\/media?parent=2237"}],"wp:term":[{"taxonomy":"category","embeddable":true,"href":"http:\/\/www.rincondelbulla.cl\/portal\/wp-json\/wp\/v2\/categories?post=2237"},{"taxonomy":"post_tag","embeddable":true,"href":"http:\/\/www.rincondelbulla.cl\/portal\/wp-json\/wp\/v2\/tags?post=2237"}],"curies":[{"name":"wp","href":"https:\/\/api.w.org\/{rel}","templated":true}]}}