{"id":2238,"date":"2010-12-28T11:28:54","date_gmt":"2010-12-28T11:28:54","guid":{"rendered":"http:\/\/www.rincondelbulla.cl\/portal\/?p=2238"},"modified":"2010-12-28T11:28:54","modified_gmt":"2010-12-28T11:28:54","slug":"sampaoli-corto-a-marino-y-centurion","status":"publish","type":"post","link":"http:\/\/www.rincondelbulla.cl\/portal\/2010\/12\/28\/sampaoli-corto-a-marino-y-centurion\/","title":{"rendered":"Sampaoli \u201ccort\u00f3\u201d a Marino y Centuri\u00f3n"},"content":{"rendered":"<p><img loading=\"lazy\" decoding=\"async\" class=\" size-full wp-image-3871\" src=\"http:\/\/www.rincondelbulla.cl\/portal\/wp-content\/uploads\/2010\/12\/f83dc70de823e825902c8876cc77aac4.jpg\" alt=\"Fuente: Triunfo.cl\" width=\"600\" height=\"340\" srcset=\"http:\/\/www.rincondelbulla.cl\/portal\/wp-content\/uploads\/2010\/12\/f83dc70de823e825902c8876cc77aac4.jpg 600w, http:\/\/www.rincondelbulla.cl\/portal\/wp-content\/uploads\/2010\/12\/f83dc70de823e825902c8876cc77aac4-300x170.jpg 300w\" sizes=\"auto, (max-width: 600px) 100vw, 600px\" \/><\/p>\n<p><strong>En su primera pr\u00e1ctica en Universidad de Chile, el nuevo DT reiter\u00f3 que la prioridad es la b\u00fasqueda del \u201c10\u201d.<\/strong><br \/>Universidad de Chile inici\u00f3 esta tarde sus pr\u00e1cticas con mira a la temporada 2011. Tras el primer entrenamiento, el nuevo t\u00e9cnico, Jorge Sampaoli, reiter\u00f3 que la prioridad es la b\u00fasqueda de un conductor, tras lo cual ir\u00e1n por un volante por derecha.  <!--more-->  En esa posici\u00f3n, el adiestrador no descart\u00f3 la llegada de Boris Rieloff,  desmintiendo las versiones que se\u00f1alaban que el argentino ya le hab\u00eda  \u201cbajado el pulgar\u201d al ex hombre de Audax Italiano.<\/p>\n<p> \u201cEn la conformaci\u00f3n del plantel tenemos prioridades y empezamos con el  centrodelantero, lleg\u00f3 (Gustavo) Canales y ahora vamos por el \u201810\u2019. Hoy  la prioridad tiene que ver con una posici\u00f3n donde hoy el mercado no  muestra muchas alternativas\u201d, dijo Sampaoli tras la pr\u00e1ctica, que  incluy\u00f3 un trabajo muy similar al de Marcelo Bielsa, con canchas  delimitadas con conos y con la presencia de sparrings.<\/p>\n<p> Para el estratego azul, este trabajo corresponde a una b\u00fasqueda de una  metodolog\u00eda que lo acomoda. \u201cMe acerca mucho a Marcelo la idea de buscar  el arco contrario m\u00e1s que el propio\u201d, apunt\u00f3.<\/p>\n<p> Respecto a la b\u00fasqueda del conductor, Sampaoli indic\u00f3 que se han ca\u00eddo  algunas de las posibilidades y que se manejan 3 \u00f3 4 opciones, sin  descartar a Gustavo Lorenzetti. a quien el DT dedic\u00f3 palabras. \u201cUna vez  concretada esa posici\u00f3n veremos el volante por derecha\u201d,\u00a0 indic\u00f3,  poni\u00e9ndose como plazo el 3 de enero, cuando comienza la pretemporada.<\/p>\n<p> El t\u00e9cnico ya tom\u00f3 decisiones y \u201ccort\u00f3\u201d del plantel a los argentinos  Emanuel Centuri\u00f3n y Guillermo Marino. El primero, asisti\u00f3 al Centro  Deportivo Azul de La Cisterna y se retir\u00f3 antes de comenzar el  entrenamiento.<\/p>\n<p> El ex entrenador de O\u2019Higgins indic\u00f3 que su idea es contar con dos  jugadores por puesto y tanto Centuri\u00f3n como Marino deber\u00e1n buscar nuevos  horizontes.<\/p>\n<p> \u201cNosotros queremos contar con dos jugadores por puesto y tres arqueros.  Los que se fueron no est\u00e1n contados en nuestro sistema de trabajo y m\u00e1s  all\u00e1 que tienen contrato con el club, buscaremos la forma que participen  en otros proyectos\u201d, apunt\u00f3.<\/p>\n<p> De las nuevas caras s\u00f3lo estuvieron presentes el defensa Alberto Acevedo y el portero Nery Veloso.<\/p>\n","protected":false},"excerpt":{"rendered":"<p>En su primera pr\u00e1ctica en Universidad de Chile, el nuevo DT reiter\u00f3 que la prioridad es la b\u00fasqueda del \u201c10\u201d.Universidad de Chile inici\u00f3 esta tarde sus pr\u00e1cticas con mira a la temporada 2011. Tras el primer entrenamiento, el nuevo t\u00e9cnico, Jorge Sampaoli, reiter\u00f3 que la prioridad es la b\u00fasqueda de un conductor, tras lo cual [&#8230;]<\/p>\n","protected":false},"author":1,"featured_media":3871,"comment_status":"open","ping_status":"open","sticky":false,"template":"","format":"standard","meta":{"footnotes":""},"categories":[18],"tags":[],"class_list":{"0":"post-2238","1":"post","2":"type-post","3":"status-publish","4":"format-standard","5":"has-post-thumbnail","7":"category-actualidad"},"_links":{"self":[{"href":"http:\/\/www.rincondelbulla.cl\/portal\/wp-json\/wp\/v2\/posts\/2238","targetHints":{"allow":["GET"]}}],"collection":[{"href":"http:\/\/www.rincondelbulla.cl\/portal\/wp-json\/wp\/v2\/posts"}],"about":[{"href":"http:\/\/www.rincondelbulla.cl\/portal\/wp-json\/wp\/v2\/types\/post"}],"author":[{"embeddable":true,"href":"http:\/\/www.rincondelbulla.cl\/portal\/wp-json\/wp\/v2\/users\/1"}],"replies":[{"embeddable":true,"href":"http:\/\/www.rincondelbulla.cl\/portal\/wp-json\/wp\/v2\/comments?post=2238"}],"version-history":[{"count":0,"href":"http:\/\/www.rincondelbulla.cl\/portal\/wp-json\/wp\/v2\/posts\/2238\/revisions"}],"wp:featuredmedia":[{"embeddable":true,"href":"http:\/\/www.rincondelbulla.cl\/portal\/wp-json\/wp\/v2\/media\/3871"}],"wp:attachment":[{"href":"http:\/\/www.rincondelbulla.cl\/portal\/wp-json\/wp\/v2\/media?parent=2238"}],"wp:term":[{"taxonomy":"category","embeddable":true,"href":"http:\/\/www.rincondelbulla.cl\/portal\/wp-json\/wp\/v2\/categories?post=2238"},{"taxonomy":"post_tag","embeddable":true,"href":"http:\/\/www.rincondelbulla.cl\/portal\/wp-json\/wp\/v2\/tags?post=2238"}],"curies":[{"name":"wp","href":"https:\/\/api.w.org\/{rel}","templated":true}]}}