{"id":2239,"date":"2010-12-29T11:37:53","date_gmt":"2010-12-29T11:37:53","guid":{"rendered":"http:\/\/www.rincondelbulla.cl\/portal\/?p=2239"},"modified":"2010-12-29T11:37:53","modified_gmt":"2010-12-29T11:37:53","slug":"rafael-olarra-se-unio-a-los-damnificados-en-la-nueva-era-sampaoli","status":"publish","type":"post","link":"http:\/\/www.rincondelbulla.cl\/portal\/2010\/12\/29\/rafael-olarra-se-unio-a-los-damnificados-en-la-nueva-era-sampaoli\/","title":{"rendered":"Rafael Olarra se uni\u00f3 a los damnificados en la nueva \u00abera Sampaoli\u00bb"},"content":{"rendered":"<figure id=\"attachment_3872\" aria-describedby=\"caption-attachment-3872\" style=\"width: 600px\" class=\"wp-caption alignnone\"><img loading=\"lazy\" decoding=\"async\" class=\" size-full wp-image-3872\" src=\"http:\/\/www.rincondelbulla.cl\/portal\/wp-content\/uploads\/2010\/12\/8656a6058012a14c766868d73aad133b.jpg\" alt=\"Foto: Claudio C\u00e1ceres\" class=\"caption\" title=\"Fuente: Cooperativa.cl\" width=\"600\" height=\"340\" srcset=\"http:\/\/www.rincondelbulla.cl\/portal\/wp-content\/uploads\/2010\/12\/8656a6058012a14c766868d73aad133b.jpg 600w, http:\/\/www.rincondelbulla.cl\/portal\/wp-content\/uploads\/2010\/12\/8656a6058012a14c766868d73aad133b-300x170.jpg 300w\" sizes=\"auto, (max-width: 600px) 100vw, 600px\" \/><figcaption id=\"caption-attachment-3872\" class=\"wp-caption-text\">Fuente: Cooperativa.cl<\/figcaption><\/figure>\n<p><strong>El zaguero fue notificado de que no entra en los planes del nuevo t\u00e9cnico de la U.<\/strong><br \/>El defensor Rafael Olarra, uno de los referentes en la zaga de Universidad de Chile, se transform\u00f3 en el nuevo damnificado de la nueva era el t\u00e9cnico azul, Jorge Sampaoli.<\/p>\n<p>  <!--more-->  <\/p>\n<p>El zaguero no es del gusto del trasandino y no entra en los planes del entrenador, quien tiene en ese puesto al uruguayo Mauricio Victorino, al argentino Mat\u00edas Rodr\u00edguez y a los nacionales Juan Abarca, Jos\u00e9 Abarca y Carlos Escobar, adem\u00e1s de la reciente incorporaci\u00f3n, Albert Acevedo.<\/p>\n<p>Olarra convers\u00f3 la tarde de este lunes con Jos\u00e9 Yuraszeck, presidente de la Comisi\u00f3n F\u00fatbol, quien le comunic\u00f3 la decisi\u00f3n del entrenador, no obstante, el ex seleccionado nacional le coment\u00f3 su idea de respetar el contrato.<\/p>\n<p>Este martes, el jugador formado en Audax Italiano se reuni\u00f3 con Federico Vald\u00e9s, quien le insisti\u00f3 en rescindir el v\u00ednculo.<\/p>\n<p>De acuerdo a informaciones recopiladas por Al Aire Libre en Cooperativa, el t\u00e9cnico de Uni\u00f3n Espa\u00f1ola, Jos\u00e9 Luis Sierra, ya habr\u00eda solicitado a Olarra para reforzar la defensa de la escuadra hispana.<\/p>\n<p>\u00a0<\/p>\n","protected":false},"excerpt":{"rendered":"<p>El zaguero fue notificado de que no entra en los planes del nuevo t\u00e9cnico de la U.El defensor Rafael Olarra, uno de los referentes en la zaga de Universidad de Chile, se transform\u00f3 en el nuevo damnificado de la nueva era el t\u00e9cnico azul, Jorge Sampaoli.<\/p>\n","protected":false},"author":1,"featured_media":3872,"comment_status":"open","ping_status":"open","sticky":false,"template":"","format":"standard","meta":{"footnotes":""},"categories":[18],"tags":[],"class_list":{"0":"post-2239","1":"post","2":"type-post","3":"status-publish","4":"format-standard","5":"has-post-thumbnail","7":"category-actualidad"},"_links":{"self":[{"href":"http:\/\/www.rincondelbulla.cl\/portal\/wp-json\/wp\/v2\/posts\/2239","targetHints":{"allow":["GET"]}}],"collection":[{"href":"http:\/\/www.rincondelbulla.cl\/portal\/wp-json\/wp\/v2\/posts"}],"about":[{"href":"http:\/\/www.rincondelbulla.cl\/portal\/wp-json\/wp\/v2\/types\/post"}],"author":[{"embeddable":true,"href":"http:\/\/www.rincondelbulla.cl\/portal\/wp-json\/wp\/v2\/users\/1"}],"replies":[{"embeddable":true,"href":"http:\/\/www.rincondelbulla.cl\/portal\/wp-json\/wp\/v2\/comments?post=2239"}],"version-history":[{"count":0,"href":"http:\/\/www.rincondelbulla.cl\/portal\/wp-json\/wp\/v2\/posts\/2239\/revisions"}],"wp:featuredmedia":[{"embeddable":true,"href":"http:\/\/www.rincondelbulla.cl\/portal\/wp-json\/wp\/v2\/media\/3872"}],"wp:attachment":[{"href":"http:\/\/www.rincondelbulla.cl\/portal\/wp-json\/wp\/v2\/media?parent=2239"}],"wp:term":[{"taxonomy":"category","embeddable":true,"href":"http:\/\/www.rincondelbulla.cl\/portal\/wp-json\/wp\/v2\/categories?post=2239"},{"taxonomy":"post_tag","embeddable":true,"href":"http:\/\/www.rincondelbulla.cl\/portal\/wp-json\/wp\/v2\/tags?post=2239"}],"curies":[{"name":"wp","href":"https:\/\/api.w.org\/{rel}","templated":true}]}}