{"id":2240,"date":"2010-12-27T11:43:33","date_gmt":"2010-12-27T11:43:33","guid":{"rendered":"http:\/\/www.rincondelbulla.cl\/portal\/?p=2240"},"modified":"2010-12-27T11:43:33","modified_gmt":"2010-12-27T11:43:33","slug":"universidad-de-chile-sumo-a-albert-acevedo-para-reforzar-su-zaga","status":"publish","type":"post","link":"http:\/\/www.rincondelbulla.cl\/portal\/2010\/12\/27\/universidad-de-chile-sumo-a-albert-acevedo-para-reforzar-su-zaga\/","title":{"rendered":"Universidad de Chile sum\u00f3 a Albert Acevedo para reforzar su zaga"},"content":{"rendered":"<figure id=\"attachment_3873\" aria-describedby=\"caption-attachment-3873\" style=\"width: 600px\" class=\"wp-caption alignnone\"><img loading=\"lazy\" decoding=\"async\" class=\" size-full wp-image-3873\" src=\"http:\/\/www.rincondelbulla.cl\/portal\/wp-content\/uploads\/2010\/12\/82e50555eca2765b456db499e2407269.jpg\" alt=\"\" class=\"caption\" title=\"Fuente: Cooperativa.cl\" width=\"600\" height=\"340\" srcset=\"http:\/\/www.rincondelbulla.cl\/portal\/wp-content\/uploads\/2010\/12\/82e50555eca2765b456db499e2407269.jpg 600w, http:\/\/www.rincondelbulla.cl\/portal\/wp-content\/uploads\/2010\/12\/82e50555eca2765b456db499e2407269-300x170.jpg 300w\" sizes=\"auto, (max-width: 600px) 100vw, 600px\" \/><figcaption id=\"caption-attachment-3873\" class=\"wp-caption-text\">Fuente: Cooperativa.cl<\/figcaption><\/figure>\n<p><strong>El defensa y capit\u00e1n de O&#8217;Higgins confirm\u00f3 que llega por tres a\u00f1os a la tienda azul.<\/strong><br \/>El defensa y capit\u00e1n de O&#8217;Higgins, Albert Acevedo, se transform\u00f3 en el nuevo refuerzo de Universidad de Chile, de cara a la temporada 2011. <br \/>  <!--more-->  El zaguero lleg\u00f3 a acuerdo con la tienda azul, para llegar por tres a\u00f1os, y firmar\u00e1 su contrato con el elenco de Jorge Sampaoli en las pr\u00f3ximas horas. <\/p>\n<p>Este lunes, Acevedo lleg\u00f3 al estadio El Teniente a retirar sus pertenencias y se mostr\u00f3 m\u00e1s que satisfecho con su llegada a la U. <\/p>\n<p>\u00abContento por este paso profesional, s\u00ed tengo un sabor extra\u00f1o porque me voy de un lugar que quiero mucho, tengo un aprecio enorme al club y la regi\u00f3n, pero voy en busca de un sue\u00f1o\u00bb, se\u00f1al\u00f3 el defensa, quien antes tuvo un extenso paso por Universidad Cat\u00f3lica. <\/p>\n<p>Acevedo adem\u00e1s valor\u00f3 llegar al elenco que tiene como DT a Sampaoli, un t\u00e9cnico que ya lo tuvo entre sus dirigidos (precisamente en O&#8217;Higgins). <\/p>\n<p>\u00abTiene un esquema de juego y una forma de jugar muy particular, no muy com\u00fan en el f\u00fatbol y b\u00e1sicamente escoge los jugadores id\u00f3neos para un buen desarrollo de su estilo. Dentro de eso yo le puedo aportar\u00bb, se\u00f1al\u00f3.<\/p>\n","protected":false},"excerpt":{"rendered":"<p>El defensa y capit\u00e1n de O&#8217;Higgins confirm\u00f3 que llega por tres a\u00f1os a la tienda azul.El defensa y capit\u00e1n de O&#8217;Higgins, Albert Acevedo, se transform\u00f3 en el nuevo refuerzo de Universidad de Chile, de cara a la temporada 2011.<\/p>\n","protected":false},"author":1,"featured_media":3873,"comment_status":"open","ping_status":"open","sticky":false,"template":"","format":"standard","meta":{"footnotes":""},"categories":[18],"tags":[],"class_list":{"0":"post-2240","1":"post","2":"type-post","3":"status-publish","4":"format-standard","5":"has-post-thumbnail","7":"category-actualidad"},"_links":{"self":[{"href":"http:\/\/www.rincondelbulla.cl\/portal\/wp-json\/wp\/v2\/posts\/2240","targetHints":{"allow":["GET"]}}],"collection":[{"href":"http:\/\/www.rincondelbulla.cl\/portal\/wp-json\/wp\/v2\/posts"}],"about":[{"href":"http:\/\/www.rincondelbulla.cl\/portal\/wp-json\/wp\/v2\/types\/post"}],"author":[{"embeddable":true,"href":"http:\/\/www.rincondelbulla.cl\/portal\/wp-json\/wp\/v2\/users\/1"}],"replies":[{"embeddable":true,"href":"http:\/\/www.rincondelbulla.cl\/portal\/wp-json\/wp\/v2\/comments?post=2240"}],"version-history":[{"count":0,"href":"http:\/\/www.rincondelbulla.cl\/portal\/wp-json\/wp\/v2\/posts\/2240\/revisions"}],"wp:featuredmedia":[{"embeddable":true,"href":"http:\/\/www.rincondelbulla.cl\/portal\/wp-json\/wp\/v2\/media\/3873"}],"wp:attachment":[{"href":"http:\/\/www.rincondelbulla.cl\/portal\/wp-json\/wp\/v2\/media?parent=2240"}],"wp:term":[{"taxonomy":"category","embeddable":true,"href":"http:\/\/www.rincondelbulla.cl\/portal\/wp-json\/wp\/v2\/categories?post=2240"},{"taxonomy":"post_tag","embeddable":true,"href":"http:\/\/www.rincondelbulla.cl\/portal\/wp-json\/wp\/v2\/tags?post=2240"}],"curies":[{"name":"wp","href":"https:\/\/api.w.org\/{rel}","templated":true}]}}