{"id":2241,"date":"2010-12-30T11:54:51","date_gmt":"2010-12-30T11:54:51","guid":{"rendered":"http:\/\/www.rincondelbulla.cl\/portal\/?p=2241"},"modified":"2010-12-30T11:54:51","modified_gmt":"2010-12-30T11:54:51","slug":"plantel-de-la-u-sorprendido-por-despido-de-olarra","status":"publish","type":"post","link":"http:\/\/www.rincondelbulla.cl\/portal\/2010\/12\/30\/plantel-de-la-u-sorprendido-por-despido-de-olarra\/","title":{"rendered":"Plantel de la \u201cU\u201d sorprendido por despido de Olarra"},"content":{"rendered":"<figure id=\"attachment_3874\" aria-describedby=\"caption-attachment-3874\" style=\"width: 600px\" class=\"wp-caption alignnone\"><img loading=\"lazy\" decoding=\"async\" class=\" size-full wp-image-3874\" src=\"http:\/\/www.rincondelbulla.cl\/portal\/wp-content\/uploads\/2010\/12\/aaecb4f9a499b990399f02a497e0900a.jpg\" alt=\"Foto: Claudio C\u00e1ceres\" class=\"caption\" title=\"Fuente: Triunfo.cl\" width=\"600\" height=\"340\" srcset=\"http:\/\/www.rincondelbulla.cl\/portal\/wp-content\/uploads\/2010\/12\/aaecb4f9a499b990399f02a497e0900a.jpg 600w, http:\/\/www.rincondelbulla.cl\/portal\/wp-content\/uploads\/2010\/12\/aaecb4f9a499b990399f02a497e0900a-300x170.jpg 300w\" sizes=\"auto, (max-width: 600px) 100vw, 600px\" \/><figcaption id=\"caption-attachment-3874\" class=\"wp-caption-text\">Fuente: Triunfo.cl<\/figcaption><\/figure>\n<p><strong>El referente de Universidad de Chile, Diego Rivarola reconoci\u00f3 quela abrupta salida de Rafael Olarra es \u201cdolorosa, la sentimos y nos sorprende\u201d.<\/strong><br \/>Diego Gabriel Rivarola es hoy en d\u00eda uno de los pocos emblemas que sigue en la \u201cU\u201d. Rafael Olarra fue desechado por el t\u00e9cnico Jorge Sampaoli y queda Manuel Iturra, que al parecer no es del gusto del nuevo DT.<br \/>  <!--more-->  Ante la repentina salida del zaguero central\u00a0 \u201cGok\u00fa\u201d la catalog\u00f3 como \u00abdolorosa\u00bb y \u00absorpresiva\u00bb, sensaci\u00f3n que es compartida por todo el plantel.<\/p>\n<p>El referente del equipo y artillero m\u00e1ximo del club en el Campeonato Nacional 2010 con 16 tantos, hizo hincapi\u00e9 en la importancia que Olarra ten\u00eda dentro del equipo, puesto que ayud\u00f3 a\u00a0 alcanzar las semifinales de Copa Libertadores, adem\u00e1s de ser de los \u201cHist\u00f3ricos\u201d que quedaban en el plantel, al haber conseguido tres t\u00edtulos nacionales con la camiseta azul.<\/p>\n<p>\u00abComo plantel lo tomamos con sorpresa y con dolor, creemos que \u00e9l era parte importante de este grupo. \u00c9l es un jugador que estaba entregado 100% a la instituci\u00f3n y empujaba al equipo\u201d.<\/p>\n<p>Agregando tambi\u00e9n en la rueda de prensa realizada en el Centro Deportivo Azul que la partida del espigado defensa \u201ces una dolorosa perdida, como grupo la sentimos y nos sorprende\u00bb.<\/p>\n<p>Respecto de lo que viene ahora para el cuadro del b\u00faho, el ex Santiago Morning se\u00f1al\u00f3 que \u00absi bien estamos dolidos por su salida, pero tenemos claro que tenemos que tirar para adelante, estamos por la \u201cU\u201d, tenemos que remar juntos sea la circunstancia que sea. A lo mejor no necesita jugadores de experiencia, \u00e9l ve lo que necesita el equipo, como jugadores no podemos hacer nada y no nos corresponde\u00bb.<\/p>\n","protected":false},"excerpt":{"rendered":"<p>El referente de Universidad de Chile, Diego Rivarola reconoci\u00f3 quela abrupta salida de Rafael Olarra es \u201cdolorosa, la sentimos y nos sorprende\u201d.Diego Gabriel Rivarola es hoy en d\u00eda uno de los pocos emblemas que sigue en la \u201cU\u201d. Rafael Olarra fue desechado por el t\u00e9cnico Jorge Sampaoli y queda Manuel Iturra, que al parecer no [&#8230;]<\/p>\n","protected":false},"author":1,"featured_media":3874,"comment_status":"open","ping_status":"open","sticky":false,"template":"","format":"standard","meta":{"footnotes":""},"categories":[18],"tags":[],"class_list":{"0":"post-2241","1":"post","2":"type-post","3":"status-publish","4":"format-standard","5":"has-post-thumbnail","7":"category-actualidad"},"_links":{"self":[{"href":"http:\/\/www.rincondelbulla.cl\/portal\/wp-json\/wp\/v2\/posts\/2241","targetHints":{"allow":["GET"]}}],"collection":[{"href":"http:\/\/www.rincondelbulla.cl\/portal\/wp-json\/wp\/v2\/posts"}],"about":[{"href":"http:\/\/www.rincondelbulla.cl\/portal\/wp-json\/wp\/v2\/types\/post"}],"author":[{"embeddable":true,"href":"http:\/\/www.rincondelbulla.cl\/portal\/wp-json\/wp\/v2\/users\/1"}],"replies":[{"embeddable":true,"href":"http:\/\/www.rincondelbulla.cl\/portal\/wp-json\/wp\/v2\/comments?post=2241"}],"version-history":[{"count":0,"href":"http:\/\/www.rincondelbulla.cl\/portal\/wp-json\/wp\/v2\/posts\/2241\/revisions"}],"wp:featuredmedia":[{"embeddable":true,"href":"http:\/\/www.rincondelbulla.cl\/portal\/wp-json\/wp\/v2\/media\/3874"}],"wp:attachment":[{"href":"http:\/\/www.rincondelbulla.cl\/portal\/wp-json\/wp\/v2\/media?parent=2241"}],"wp:term":[{"taxonomy":"category","embeddable":true,"href":"http:\/\/www.rincondelbulla.cl\/portal\/wp-json\/wp\/v2\/categories?post=2241"},{"taxonomy":"post_tag","embeddable":true,"href":"http:\/\/www.rincondelbulla.cl\/portal\/wp-json\/wp\/v2\/tags?post=2241"}],"curies":[{"name":"wp","href":"https:\/\/api.w.org\/{rel}","templated":true}]}}