{"id":2242,"date":"2010-12-30T11:59:55","date_gmt":"2010-12-30T11:59:55","guid":{"rendered":"http:\/\/www.rincondelbulla.cl\/portal\/?p=2242"},"modified":"2010-12-30T11:59:55","modified_gmt":"2010-12-30T11:59:55","slug":"rafael-olarra-y-su-salida-de-la-u-me-queda-la-tranquilidad-de-haber-entregado-el-maximo","status":"publish","type":"post","link":"http:\/\/www.rincondelbulla.cl\/portal\/2010\/12\/30\/rafael-olarra-y-su-salida-de-la-u-me-queda-la-tranquilidad-de-haber-entregado-el-maximo\/","title":{"rendered":"Rafael Olarra y su salida de la U: Me queda la tranquilidad de haber entregado el m\u00e1ximo"},"content":{"rendered":"<figure id=\"attachment_3875\" aria-describedby=\"caption-attachment-3875\" style=\"width: 600px\" class=\"wp-caption alignnone\"><img loading=\"lazy\" decoding=\"async\" class=\" size-full wp-image-3875\" src=\"http:\/\/www.rincondelbulla.cl\/portal\/wp-content\/uploads\/2010\/12\/0d90ed0909e7b2adba18a1ea4438a64c.jpg\" alt=\"\" class=\"caption\" title=\"Fuente: Cooperativa.cl\" width=\"600\" height=\"340\" srcset=\"http:\/\/www.rincondelbulla.cl\/portal\/wp-content\/uploads\/2010\/12\/0d90ed0909e7b2adba18a1ea4438a64c.jpg 600w, http:\/\/www.rincondelbulla.cl\/portal\/wp-content\/uploads\/2010\/12\/0d90ed0909e7b2adba18a1ea4438a64c-300x170.jpg 300w\" sizes=\"auto, (max-width: 600px) 100vw, 600px\" \/><figcaption id=\"caption-attachment-3875\" class=\"wp-caption-text\">Fuente: Cooperativa.cl<\/figcaption><\/figure>\n<p><strong>El jugador expres\u00f3 que a\u00fan no entiende su salida del cuadro laico.<\/strong><br \/>El defensa Rafael Olarra se transform\u00f3 de forma sorpresiva en el tercer \u00abcortado\u00bb por el t\u00e9cnico Jorge Sampaoli en Universidad de Chile y el zaguero en contacto con Al Aire Libre en Cooperativa expres\u00f3 que a\u00fan no entiende su salida del cuadro laico, pero asegur\u00f3 que se va tranquilo porque siempre entreg\u00f3 el m\u00e1ximo.<\/p>\n<p>  <!--more-->  <\/p>\n<p>\u00abHubo una conversaci\u00f3n en la cual se me planteaban las formas en las cuales se pod\u00edan trabajar, donde no ten\u00eda mucha cabida y no entend\u00ed, no las encuentro de una forma muy clara de ver las cosas\u00bb, dijo Olarra.<\/p>\n<p>\u00abPero el entrenador y la dirigencia tienen la potestad para elegir a los jugadores y la tranquilidad que me queda es que siempre entregu\u00e9 el m\u00e1ximo\u00bb, agreg\u00f3.<\/p>\n<p>El jugador formado en Audax Italiano era un referente de la retaguardia azul y sostuvo que \u00abla experiencia en el f\u00fatbol es muy importante sobre todo en puestos tan espec\u00edficos que son realmente estrat\u00e9gicos, pero a veces los t\u00e9cnicos no piensan as\u00ed\u00bb.<\/p>\n<p>Pero no todo es negativo para Olarra, ya que el propio defensa coment\u00f3 que ha recibido llamadas de algunos clubes para contar con sus servicios.<\/p>\n<p>\u00abHe recibido algunas llamadas de gente que est\u00e1 interesada en valorizarme y hay que ver lo que puede pasar\u00bb, manifest\u00f3.<\/p>\n<p>Uno de los equipos interesados en Olarra es Uni\u00f3n Espa\u00f1ola, cuadro que jugar\u00e1 Copa Libertadores en 2011 , aunque el jugador sostuvo que no puede anticipar nada sobre un posible traspaso.<\/p>\n<p>\u00abEs un club que est\u00e1 luchando muchas cosas, pero no puedo anticipar nada, porque no tengo nada concreto, me queda mucho f\u00fatbol que entregar. Me hubiera gustado entregarlo en la U, pero en alg\u00fan lado lo van a valorizar\u00bb, concluy\u00f3.<\/p>\n<p>\u00a0<\/p>\n","protected":false},"excerpt":{"rendered":"<p>El jugador expres\u00f3 que a\u00fan no entiende su salida del cuadro laico.El defensa Rafael Olarra se transform\u00f3 de forma sorpresiva en el tercer \u00abcortado\u00bb por el t\u00e9cnico Jorge Sampaoli en Universidad de Chile y el zaguero en contacto con Al Aire Libre en Cooperativa expres\u00f3 que a\u00fan no entiende su salida del cuadro laico, pero [&#8230;]<\/p>\n","protected":false},"author":1,"featured_media":3875,"comment_status":"open","ping_status":"open","sticky":false,"template":"","format":"standard","meta":{"footnotes":""},"categories":[18],"tags":[],"class_list":{"0":"post-2242","1":"post","2":"type-post","3":"status-publish","4":"format-standard","5":"has-post-thumbnail","7":"category-actualidad"},"_links":{"self":[{"href":"http:\/\/www.rincondelbulla.cl\/portal\/wp-json\/wp\/v2\/posts\/2242","targetHints":{"allow":["GET"]}}],"collection":[{"href":"http:\/\/www.rincondelbulla.cl\/portal\/wp-json\/wp\/v2\/posts"}],"about":[{"href":"http:\/\/www.rincondelbulla.cl\/portal\/wp-json\/wp\/v2\/types\/post"}],"author":[{"embeddable":true,"href":"http:\/\/www.rincondelbulla.cl\/portal\/wp-json\/wp\/v2\/users\/1"}],"replies":[{"embeddable":true,"href":"http:\/\/www.rincondelbulla.cl\/portal\/wp-json\/wp\/v2\/comments?post=2242"}],"version-history":[{"count":0,"href":"http:\/\/www.rincondelbulla.cl\/portal\/wp-json\/wp\/v2\/posts\/2242\/revisions"}],"wp:featuredmedia":[{"embeddable":true,"href":"http:\/\/www.rincondelbulla.cl\/portal\/wp-json\/wp\/v2\/media\/3875"}],"wp:attachment":[{"href":"http:\/\/www.rincondelbulla.cl\/portal\/wp-json\/wp\/v2\/media?parent=2242"}],"wp:term":[{"taxonomy":"category","embeddable":true,"href":"http:\/\/www.rincondelbulla.cl\/portal\/wp-json\/wp\/v2\/categories?post=2242"},{"taxonomy":"post_tag","embeddable":true,"href":"http:\/\/www.rincondelbulla.cl\/portal\/wp-json\/wp\/v2\/tags?post=2242"}],"curies":[{"name":"wp","href":"https:\/\/api.w.org\/{rel}","templated":true}]}}