{"id":2282,"date":"2011-02-06T16:17:33","date_gmt":"2011-02-06T16:17:33","guid":{"rendered":"http:\/\/www.rincondelbulla.cl\/portal\/?p=2282"},"modified":"2011-02-06T16:17:33","modified_gmt":"2011-02-06T16:17:33","slug":"marca-personal-vs-nublense","status":"publish","type":"post","link":"http:\/\/www.rincondelbulla.cl\/portal\/2011\/02\/06\/marca-personal-vs-nublense\/","title":{"rendered":"Marca Personal vs. \u00d1ublense"},"content":{"rendered":"<p><img loading=\"lazy\" decoding=\"async\" class=\" size-full wp-image-3914\" src=\"http:\/\/www.rincondelbulla.cl\/portal\/wp-content\/uploads\/2011\/02\/b90c3557a61a887cb566204d08aac170.jpg\" alt=\"Foto: Claudio C\u00e1ceres\" width=\"600\" height=\"340\" srcset=\"http:\/\/www.rincondelbulla.cl\/portal\/wp-content\/uploads\/2011\/02\/b90c3557a61a887cb566204d08aac170.jpg 600w, http:\/\/www.rincondelbulla.cl\/portal\/wp-content\/uploads\/2011\/02\/b90c3557a61a887cb566204d08aac170-300x170.jpg 300w\" sizes=\"auto, (max-width: 600px) 100vw, 600px\" \/><\/p>\n<p><strong>El primer triunfo azul por el Torneo Nacional Petrobras 2011 dej\u00f3 un dulce sabor en la hinchada de la U. Es que, sin lugar a dudas, el equipo despleg\u00f3 un juego ofensivo que da para creer que este a\u00f1o se pueden lograr cosas importantes, sobre todo si se mantiene el ritmo individual y colectivo del equipo.<\/strong><br \/>  <!--more-->  <strong>Jhonny Herrera:<\/strong> Como siempre dando seguridad en el p\u00f3rtico azul, aunque tuvo un par de salidas en falso al momento de cortar centros, lo mismo que en La Serena. Buenas atajadas y hasta suerte tuvo cuando un pelotazo que dio en el poste le rebot\u00f3 en la cara y se fue a cent\u00edmetros del arco. Nota 6.0<\/p>\n<p><strong>Mat\u00edas Rodr\u00edguez:<\/strong> Muy bien en labores defensivas y mejor\u00f3 considerablemente en labores ofensivas. Particip\u00f3 activamente en el segundo gol y, por su banda, fue imparable. Una de las figuras del equipo. Nota 6.5<\/p>\n<p><strong>Juan Abarca: <\/strong>Partido a partido ha ido subiendo su nivel, sin embargo a\u00fan no se le puede exigir que sea el patr\u00f3n de la defensa. Bien en los mano a mano y valiente en las coberturas. Nota 5.5<\/p>\n<p><strong>Jos\u00e9 Rojas:<\/strong> El referente del equipo, a pesar de no haber hecho uno de sus mejores partidos demuestra seguridad, lucha y entrega por la camiseta. El capit\u00e1n fue fiero en la marca, aunque en velocidad fue superado un par de ocasiones. Bien en la ofensiva, hasta gener\u00f3 un penal que el arbitro dej\u00f3 sin sanci\u00f3n. Nota: 6.0<\/p>\n<p><strong>Eugenio Mena:<\/strong> Bien por la banda izquierda, al igual que Rodr\u00edguez, particip\u00f3 activamente en ofensiva y defensiva. Poco a poco va demostrando que es una real alternativa en la U. Buen partido del porte\u00f1o, aunque puede subir, a\u00fan m\u00e1s, su nivel. Nota 5.5<\/p>\n<p><strong>Charles Ar\u00e1nguiz:<\/strong> Muy buen partido del ex Quilmes, si alguien dudaba de su contrataci\u00f3n, verlo jugar ha sido el mejor tapabocas. Cuando se fue Iturra, muchos nos preguntamos qui\u00e9n tomar\u00eda su lugar y Ar\u00e1nguiz sigui\u00f3 demostrando que \u00e9l es el hombre. Excelente partido, fiero en la marca y bien en ataque. Nota 6.0<br \/><strong><br \/>Felipe Seymour:<\/strong> Uno de los m\u00e1s \u201cbajos\u201d del equipo, no por lo que jug\u00f3 sino por lo que nos tiene acostumbrados. En los primeros minutos busc\u00f3 con muchas ganas el remate de media distancia. No brill\u00f3 pero cumpli\u00f3 su labor. Nota: 5.0<\/p>\n<p><strong>Eduardo Vargas:<\/strong> Bien en los desbordes, muy buen agente ofensivo, sube su nivel progresivamente. Sac\u00f3 del sombrero un par de jugadas donde dej\u00f3 solo a Gabriel Vargas, quien no las supo aprovechar. Nota: 5.5<\/p>\n<p><strong>Gabriel Vargas:<\/strong> Le falt\u00f3 algo de suerte, la misma que le ha faltado en su paso por la U. Tuvo tres ocasiones clar\u00edsimas en el primer tiempo, pero solo concret\u00f3 una. Se mostr\u00f3 muy activo y con ganas pero en el momento de definir fall\u00f3 y eso es letal para un delantero. Nota: 4.5<\/p>\n<p><strong>Gustavo Canales: <\/strong>Cada vez se suelta m\u00e1s. Demostr\u00f3 que puede hacer las cosas bien, aunque sigue algo lento. Bien en la creaci\u00f3n en el primer tiempo, enganch\u00e1ndose y con olfato goleador en la apertura de la cuenta, aunque a\u00fan no le llega el toque que lo haga ser \u201cel\u201d goleador. Nota: 5.5<\/p>\n<p><strong>Edson Puch: <\/strong>Muy bien el iquique\u00f1o, con los gritos de Sampaoli ha ido subiendo el nivel y se nota cada vez m\u00e1s entregado al equipo y jugando para \u00e9ste, ya no se ve tan individualista. Buen partido, anot\u00f3 el tercer gol y suma su segundo consecutivo. Si sigue as\u00ed puede llevar a la U lejos. Nota: 6.0 <\/p>\n<p><span style=\"text-decoration: underline;\"><strong>SUSTITUCIONES<\/strong><\/span><br \/><strong><br \/>Marcelo D\u00edaz: <\/strong>Ingres\u00f3 desde el inicio del segundo tiempo por G. Vargas. Bien en la creaci\u00f3n y en las habilitaciones. Se mostr\u00f3 activo y con ganas. Nota: 5.5<br \/><strong><br \/>Diego Rivarola: <\/strong>El Diego siempre ingresa con las ganas de anotar, esta vez no lo logr\u00f3. Pec\u00f3 de impulsivo y, en un par de ocasiones, se mostr\u00f3 algo ego\u00edsta, aunque el partido ya estaba cerrado y quer\u00eda su gol. Tuvo una tijera que roz\u00f3 el travesa\u00f1o, podr\u00eda haber sido el golazo del a\u00f1o por la jugada completa, sin embargo se molest\u00f3 con Ar\u00e1nguiz. Nota: 5.0<br \/><strong><br \/>Mat\u00edas P\u00e9rez Garc\u00eda:<\/strong> Entr\u00f3 a los \u201977 por Eduardo Vargas, mostr\u00f3 algunas pinceladas de buen f\u00fatbol, sin embargo no se puede evaluar por unos minutos cuando lleg\u00f3 a ser el nuevo 10 de la U. Aunque hizo un par de buenas jugadas y se mostr\u00f3 con mucha personalidad. no tiene nota.<\/p>\n","protected":false},"excerpt":{"rendered":"<p>El primer triunfo azul por el Torneo Nacional Petrobras 2011 dej\u00f3 un dulce sabor en la hinchada de la U. Es que, sin lugar a dudas, el equipo despleg\u00f3 un juego ofensivo que da para creer que este a\u00f1o se pueden lograr cosas importantes, sobre todo si se mantiene el ritmo individual y colectivo del [&#8230;]<\/p>\n","protected":false},"author":57,"featured_media":3914,"comment_status":"open","ping_status":"open","sticky":false,"template":"","format":"standard","meta":{"footnotes":""},"categories":[18],"tags":[43],"class_list":{"0":"post-2282","1":"post","2":"type-post","3":"status-publish","4":"format-standard","5":"has-post-thumbnail","7":"category-actualidad","8":"tag-marca-personal"},"_links":{"self":[{"href":"http:\/\/www.rincondelbulla.cl\/portal\/wp-json\/wp\/v2\/posts\/2282","targetHints":{"allow":["GET"]}}],"collection":[{"href":"http:\/\/www.rincondelbulla.cl\/portal\/wp-json\/wp\/v2\/posts"}],"about":[{"href":"http:\/\/www.rincondelbulla.cl\/portal\/wp-json\/wp\/v2\/types\/post"}],"author":[{"embeddable":true,"href":"http:\/\/www.rincondelbulla.cl\/portal\/wp-json\/wp\/v2\/users\/57"}],"replies":[{"embeddable":true,"href":"http:\/\/www.rincondelbulla.cl\/portal\/wp-json\/wp\/v2\/comments?post=2282"}],"version-history":[{"count":0,"href":"http:\/\/www.rincondelbulla.cl\/portal\/wp-json\/wp\/v2\/posts\/2282\/revisions"}],"wp:featuredmedia":[{"embeddable":true,"href":"http:\/\/www.rincondelbulla.cl\/portal\/wp-json\/wp\/v2\/media\/3914"}],"wp:attachment":[{"href":"http:\/\/www.rincondelbulla.cl\/portal\/wp-json\/wp\/v2\/media?parent=2282"}],"wp:term":[{"taxonomy":"category","embeddable":true,"href":"http:\/\/www.rincondelbulla.cl\/portal\/wp-json\/wp\/v2\/categories?post=2282"},{"taxonomy":"post_tag","embeddable":true,"href":"http:\/\/www.rincondelbulla.cl\/portal\/wp-json\/wp\/v2\/tags?post=2282"}],"curies":[{"name":"wp","href":"https:\/\/api.w.org\/{rel}","templated":true}]}}