{"id":2315,"date":"2011-03-07T15:35:26","date_gmt":"2011-03-07T15:35:26","guid":{"rendered":"http:\/\/www.rincondelbulla.cl\/portal\/?p=2315"},"modified":"2011-03-07T15:35:26","modified_gmt":"2011-03-07T15:35:26","slug":"a-recuperarse-en-la-altura-de-el-salvador","status":"publish","type":"post","link":"http:\/\/www.rincondelbulla.cl\/portal\/2011\/03\/07\/a-recuperarse-en-la-altura-de-el-salvador\/","title":{"rendered":"A recuperarse en la altura de El Salvador"},"content":{"rendered":"<figure id=\"attachment_3946\" aria-describedby=\"caption-attachment-3946\" style=\"width: 600px\" class=\"wp-caption alignnone\"><img loading=\"lazy\" decoding=\"async\" class=\" size-full wp-image-3946\" src=\"http:\/\/www.rincondelbulla.cl\/portal\/wp-content\/uploads\/2011\/03\/553821eea6dd169d2ad0a1e6a84bd55a.jpg\" alt=\"Foto: Claudio C\u00e1ceres\" class=\"caption\" title=\"Fuente: Udechile.cl\" width=\"600\" height=\"340\" srcset=\"http:\/\/www.rincondelbulla.cl\/portal\/wp-content\/uploads\/2011\/03\/553821eea6dd169d2ad0a1e6a84bd55a.jpg 600w, http:\/\/www.rincondelbulla.cl\/portal\/wp-content\/uploads\/2011\/03\/553821eea6dd169d2ad0a1e6a84bd55a-300x170.jpg 300w\" sizes=\"auto, (max-width: 600px) 100vw, 600px\" \/><figcaption id=\"caption-attachment-3946\" class=\"wp-caption-text\">Fuente: Udechile.cl<\/figcaption><\/figure>\n<p><strong>Universidad de Chile enfrentar\u00e1 a Cobresal como visitante el pr\u00f3ximo s\u00e1bado 12 de marzo, a las 15:30 horas, en el estadio El Cobre de El Salvador, seg\u00fan la programaci\u00f3n de la octava fecha del Torneo de Apertura, publicada por la ANFP.<\/strong><\/p>\n<p>  <!--more-->  <\/p>\n<p>El Equipo Azul ir\u00e1 por la recuperaci\u00f3n tras caer inesperadamente por 2-0 ante Uni\u00f3n San Felipe el pasado fin de semana en el Estadio Nacional.<\/p>\n<p><span style=\"text-decoration: underline;\"><strong>PROGRAMACI\u00d3N OCTAVA FECHA APERTURA<\/strong><\/span><br \/><span style=\"text-decoration: underline;\"><br \/>Viernes 11 de marzo<\/span><\/p>\n<p>20:00 Horas Colo Colo vs. U. La Calera, Monumental.<\/p>\n<p><span style=\"text-decoration: underline;\">S\u00e1bado 12 de marzo<\/span><\/p>\n<p>15:30 Horas Cobresal vs. U. Chile, El Cobre.<br \/>18:30 Horas U. Concepci\u00f3n vs. A. Italiano, Collao.<br \/>18:30 Horas U. San Felipe vs. Huachipato, Mun. San Felipe.<br \/>22:00 Horas Iquique vs. Wanderers, Tierra de Campeones.<\/p>\n<p><span style=\"text-decoration: underline;\">Domingo 13 de marzo<\/span><\/p>\n<p>16:00 Horas La Serena vs. Palestino, La Portada.<br \/>16:00 Horas Cobreloa vs. O&#8217;Higgins, Mun. Calama.<br \/>16:00 Horas S. Morning vs. U. Espa\u00f1ola, La Pintana. <br \/>18:30 Horas U. Cat\u00f3lica vs. \u00d1ublense, San Carlos.<\/p>\n<p>\u00a0<\/p>\n","protected":false},"excerpt":{"rendered":"<p>Universidad de Chile enfrentar\u00e1 a Cobresal como visitante el pr\u00f3ximo s\u00e1bado 12 de marzo, a las 15:30 horas, en el estadio El Cobre de El Salvador, seg\u00fan la programaci\u00f3n de la octava fecha del Torneo de Apertura, publicada por la ANFP.<\/p>\n","protected":false},"author":1,"featured_media":3946,"comment_status":"open","ping_status":"open","sticky":false,"template":"","format":"standard","meta":{"footnotes":""},"categories":[18],"tags":[48],"class_list":{"0":"post-2315","1":"post","2":"type-post","3":"status-publish","4":"format-standard","5":"has-post-thumbnail","7":"category-actualidad","8":"tag-apertura-2011"},"_links":{"self":[{"href":"http:\/\/www.rincondelbulla.cl\/portal\/wp-json\/wp\/v2\/posts\/2315","targetHints":{"allow":["GET"]}}],"collection":[{"href":"http:\/\/www.rincondelbulla.cl\/portal\/wp-json\/wp\/v2\/posts"}],"about":[{"href":"http:\/\/www.rincondelbulla.cl\/portal\/wp-json\/wp\/v2\/types\/post"}],"author":[{"embeddable":true,"href":"http:\/\/www.rincondelbulla.cl\/portal\/wp-json\/wp\/v2\/users\/1"}],"replies":[{"embeddable":true,"href":"http:\/\/www.rincondelbulla.cl\/portal\/wp-json\/wp\/v2\/comments?post=2315"}],"version-history":[{"count":0,"href":"http:\/\/www.rincondelbulla.cl\/portal\/wp-json\/wp\/v2\/posts\/2315\/revisions"}],"wp:featuredmedia":[{"embeddable":true,"href":"http:\/\/www.rincondelbulla.cl\/portal\/wp-json\/wp\/v2\/media\/3946"}],"wp:attachment":[{"href":"http:\/\/www.rincondelbulla.cl\/portal\/wp-json\/wp\/v2\/media?parent=2315"}],"wp:term":[{"taxonomy":"category","embeddable":true,"href":"http:\/\/www.rincondelbulla.cl\/portal\/wp-json\/wp\/v2\/categories?post=2315"},{"taxonomy":"post_tag","embeddable":true,"href":"http:\/\/www.rincondelbulla.cl\/portal\/wp-json\/wp\/v2\/tags?post=2315"}],"curies":[{"name":"wp","href":"https:\/\/api.w.org\/{rel}","templated":true}]}}