{"id":2350,"date":"2011-04-04T14:12:05","date_gmt":"2011-04-04T14:12:05","guid":{"rendered":"http:\/\/www.rincondelbulla.cl\/portal\/?p=2350"},"modified":"2011-04-04T14:12:05","modified_gmt":"2011-04-04T14:12:05","slug":"una-jornada-no-muy-destacada-para-los-azules-en-el-mundo","status":"publish","type":"post","link":"http:\/\/www.rincondelbulla.cl\/portal\/2011\/04\/04\/una-jornada-no-muy-destacada-para-los-azules-en-el-mundo\/","title":{"rendered":"Una jornada no muy destacada para los azules en el mundo"},"content":{"rendered":"<figure id=\"attachment_3979\" aria-describedby=\"caption-attachment-3979\" style=\"width: 600px\" class=\"wp-caption alignnone\"><img loading=\"lazy\" decoding=\"async\" class=\" size-full wp-image-3979\" src=\"http:\/\/www.rincondelbulla.cl\/portal\/wp-content\/uploads\/2011\/04\/6dc6fb6df728ae7dd216f54153f14935.jpg\" alt=\"Foto: AFP\" class=\"caption\" title=\"Con Estrada de titular el Montpellier vence a domicilio a Toulouse\" width=\"600\" height=\"340\" srcset=\"http:\/\/www.rincondelbulla.cl\/portal\/wp-content\/uploads\/2011\/04\/6dc6fb6df728ae7dd216f54153f14935.jpg 600w, http:\/\/www.rincondelbulla.cl\/portal\/wp-content\/uploads\/2011\/04\/6dc6fb6df728ae7dd216f54153f14935-300x170.jpg 300w\" sizes=\"auto, (max-width: 600px) 100vw, 600px\" \/><figcaption id=\"caption-attachment-3979\" class=\"wp-caption-text\">Con Estrada de titular el Montpellier vence a domicilio a Toulouse<\/figcaption><\/figure>\n<p><strong>No muy destacada fue la jornada para los azules que nos representan a lo largo del mundo f\u00fatbol. Y es que, cuando se cierran las ligas europeas, algunos se quedan fuera de las copas internacionales y otros pierden, auque los resultados, para algunos, fueron positivos, no se hicieron notar en sus respectivos clubes.<\/strong><\/p>\n<p>  <!--more-->  <\/p>\n<p><strong>Rodrigo Tello:<\/strong> el volante formado en la U, vio desde el banco de suplentes, como su equipo, el Eski\u015fehirspor empataba 2 a 2 frente al MKE Ankarag\u00fcc\u00fc, quedando en la sexta ubicaci\u00f3n en la jornada 27 de la liga Turca.<\/p>\n<p><strong>Hugo Droguett y Waldo Ponce:<\/strong> los jugadores que defienden los colores azules, a\u00fan, fueron titulares en su equipo, el Cruz Azul, aunque el resultado fue bastante paup\u00e9rrimo para ellos y su escuadra. Y es que la goleada sufrida como visitantes ante el Santos Laguna por 3 a 0 fue un balde de agua fr\u00eda. Aunque se mantienen en el tercer lugar del grupo 3 del Torneo Clausura mexicano con 7 puntos fue una jornada negra.<\/p>\n<p><strong>Osvaldo Gonz\u00e1lez:<\/strong> no fue citado frente al Monterrey, partido en el que su equipo obtuvo un empate 1-1 ante el campe\u00f3n vigente.<\/p>\n<p><strong>Emilio Hern\u00e1ndez: <\/strong>el delantero fue titular en el triunfo de su escuadra frente a Banfield en el Clausura argentino. El 0-2 como visitantes los dej\u00f3 en el quinto lugar del Campeonato a un punto de los punteros (Estudiantes y River). <\/p>\n<p><strong>Manuel Iturra: <\/strong>\u201cColocho\u201d fue titular en su escuadra, el Uniao Leiria, en Portugal, pero lamentablemente cayeron frente al Mar\u00edtimo en la fecha 25 de la S\u00faper Liga Portuguesa. El equipo del chileno necesitaba un triunfo para meterse en zona de copas, sin embargo fueron derrotados por 3-1. Iturra estuvo en cancha hasta el minuto 62.<br \/><strong><br \/>Pedro Morales: <\/strong>otro titular en Europa. Morales jug\u00f3 hasta el minuto 67 en el triunfo por la cuenta m\u00ednima del D\u00ednamo ante el\u00a0\u00a0 NK Zagreb, victoria que los dej\u00f3 a un paso del t\u00edtulo.<br \/><strong><br \/>Marco Estrada: <\/strong>una jornada de dulce y agraz vivi\u00f3 el zurdo volante. Y es que su equipo, el Montpellier de Francia, venci\u00f3 por 1-0 al Toulouse, como visitantes. El zurdo vio acci\u00f3n hasta los 71 minutos y justamente su reemplazante, Camara, fue el autor del gol del triunfo a los 77\u2019. Con este triunfo el Montpellier sum\u00f3 42 unidades y se queda en el sexto lugar del certamen franc\u00e9s.<\/p>\n<p>\u00a0<\/p>\n","protected":false},"excerpt":{"rendered":"<p>No muy destacada fue la jornada para los azules que nos representan a lo largo del mundo f\u00fatbol. Y es que, cuando se cierran las ligas europeas, algunos se quedan fuera de las copas internacionales y otros pierden, auque los resultados, para algunos, fueron positivos, no se hicieron notar en sus respectivos clubes.<\/p>\n","protected":false},"author":57,"featured_media":3979,"comment_status":"open","ping_status":"open","sticky":false,"template":"","format":"standard","meta":{"footnotes":""},"categories":[18],"tags":[55],"class_list":{"0":"post-2350","1":"post","2":"type-post","3":"status-publish","4":"format-standard","5":"has-post-thumbnail","7":"category-actualidad","8":"tag-azules-por-el-mundo"},"_links":{"self":[{"href":"http:\/\/www.rincondelbulla.cl\/portal\/wp-json\/wp\/v2\/posts\/2350","targetHints":{"allow":["GET"]}}],"collection":[{"href":"http:\/\/www.rincondelbulla.cl\/portal\/wp-json\/wp\/v2\/posts"}],"about":[{"href":"http:\/\/www.rincondelbulla.cl\/portal\/wp-json\/wp\/v2\/types\/post"}],"author":[{"embeddable":true,"href":"http:\/\/www.rincondelbulla.cl\/portal\/wp-json\/wp\/v2\/users\/57"}],"replies":[{"embeddable":true,"href":"http:\/\/www.rincondelbulla.cl\/portal\/wp-json\/wp\/v2\/comments?post=2350"}],"version-history":[{"count":0,"href":"http:\/\/www.rincondelbulla.cl\/portal\/wp-json\/wp\/v2\/posts\/2350\/revisions"}],"wp:featuredmedia":[{"embeddable":true,"href":"http:\/\/www.rincondelbulla.cl\/portal\/wp-json\/wp\/v2\/media\/3979"}],"wp:attachment":[{"href":"http:\/\/www.rincondelbulla.cl\/portal\/wp-json\/wp\/v2\/media?parent=2350"}],"wp:term":[{"taxonomy":"category","embeddable":true,"href":"http:\/\/www.rincondelbulla.cl\/portal\/wp-json\/wp\/v2\/categories?post=2350"},{"taxonomy":"post_tag","embeddable":true,"href":"http:\/\/www.rincondelbulla.cl\/portal\/wp-json\/wp\/v2\/tags?post=2350"}],"curies":[{"name":"wp","href":"https:\/\/api.w.org\/{rel}","templated":true}]}}