{"id":2361,"date":"2011-04-08T17:12:44","date_gmt":"2011-04-08T17:12:44","guid":{"rendered":"http:\/\/www.rincondelbulla.cl\/portal\/?p=2361"},"modified":"2011-04-08T17:12:44","modified_gmt":"2011-04-08T17:12:44","slug":"jorge-sampaoli-iquique-nos-hara-sentir-incomodos-u-de-chile","status":"publish","type":"post","link":"http:\/\/www.rincondelbulla.cl\/portal\/2011\/04\/08\/jorge-sampaoli-iquique-nos-hara-sentir-incomodos-u-de-chile\/","title":{"rendered":"Jorge Sampaoli: \u00abIquique nos har\u00e1 sentir inc\u00f3modos\u00bb U. de Chile"},"content":{"rendered":"<figure id=\"attachment_3989\" aria-describedby=\"caption-attachment-3989\" style=\"width: 600px\" class=\"wp-caption alignnone\"><img loading=\"lazy\" decoding=\"async\" class=\" size-full wp-image-3989\" src=\"http:\/\/www.rincondelbulla.cl\/portal\/wp-content\/uploads\/2011\/04\/54e18e61193ec51e66c99052eae28775.jpg\" alt=\"Foto: Claudio C\u00e1ceres\" class=\"caption\" title=\"Fuente: Prensafutbol.cl\" width=\"600\" height=\"340\" srcset=\"http:\/\/www.rincondelbulla.cl\/portal\/wp-content\/uploads\/2011\/04\/54e18e61193ec51e66c99052eae28775.jpg 600w, http:\/\/www.rincondelbulla.cl\/portal\/wp-content\/uploads\/2011\/04\/54e18e61193ec51e66c99052eae28775-300x170.jpg 300w\" sizes=\"auto, (max-width: 600px) 100vw, 600px\" \/><figcaption id=\"caption-attachment-3989\" class=\"wp-caption-text\">Fuente: Prensafutbol.cl<\/figcaption><\/figure>\n<p><strong>El t\u00e9cnico de la &#8216;U&#8217; adelant\u00f3 el duelo ante los nortinos del s\u00e1bado, donde asegur\u00f3 que la experiencia de sus rivales ser\u00e1 un duro escollo. Adem\u00e1s le baj\u00f3 el perfil al tema del cumplea\u00f1os de Puch, aclarando que tras el partido los jugadores quedan libres.<\/strong><\/p>\n<p>  <!--more-->  <\/p>\n<p>En los viernes de Jorge Sampaoli hab\u00eda muchos temas que tratar, casi todos extrafutbol\u00edsticos, pero el t\u00e9cnico de Universidad de Chile se encarg\u00f3 de aclarar que su foco de concentraci\u00f3n est\u00e1 puesto en el duelo del s\u00e1bado a las 22:00 ante Deportes Iquique.<\/p>\n<p>A\u00fan cuando los &#8216;Dragones Celestes&#8217; son colistas en el torneo de Apertura, el trasandino alert\u00f3 de que la experiencia de su plantel es un peligro. \u00abIquique tiene jugadores de mucha experiencia, van a manejar los tiempos, nos van a poner inc\u00f3modos, y por eso debemos buscar la forma para conseguir ser vertiginosos, verticales y un juego de ataque, como es nuestra costumbre\u00bb, coment\u00f3.<\/p>\n<p>En cuanto a su posibilidad de ir encontrando un once ideal, el estratega asegur\u00f3 que \u00abtenemos muy en cuenta la semana, los rendimientos y tambi\u00e9n el rival para la formaci\u00f3n inicial. Pero si uno revisa se han repetido muchos jugadores, el 70% o 75% se han repetido sobre lo que se ha venido haciendo\u00bb.<\/p>\n<p>As\u00ed el argentino tambi\u00e9n se dio tiempo para dar su visi\u00f3n sobre los temas pol\u00e9micos, en primer lugar la supuesta fiesta que tendr\u00eda Edson Puch para festejar su cumplea\u00f1os tras el encuentro de ma\u00f1ana en la Primera Regi\u00f3n.<\/p>\n<p>\u00abNormalmente despu\u00e9s de cada partido se desconcentra. No controlo cuando el jugador tiene la responsabilidad y queda desobligado. No tengo la particularidad de la persecuci\u00f3n, el jugador tiene la capacidad de decidir por s\u00ed mismo\u00bb, explic\u00f3 el ex DT de Emelec.<\/p>\n<p>El tema de Mois\u00e9s Villarroel tambi\u00e9n fue tocado por Sampaoli, al intentar bajarle el perfil al asunto. \u00abNo lo veo como algo tan provocativo, como para una reacci\u00f3n tan grande. Seguramente fue insultado por su pasado en Colo Colo y reaccion\u00f3, pero no nada para m\u00e1s. No le doy tanta importancia\u00bb.<\/p>\n<p>Finalmente sobre el tema de la local\u00eda de los azules, el entrenador santafesino sentenci\u00f3 que \u00abla realidad es que la &#8216;U&#8217; no tiene estadio y le puede tocar jugar en cualquier lado, para m\u00ed no es determinante. No creo que sea desventaja deportiva, ser\u00eda una justificacion. Jugando en Santiago semana tras semana no cambia nada\u00bb.<\/p>\n<p>{competition}2{\/competition}<\/p>\n<p>\u00a0<\/p>\n","protected":false},"excerpt":{"rendered":"<p>El t\u00e9cnico de la &#8216;U&#8217; adelant\u00f3 el duelo ante los nortinos del s\u00e1bado, donde asegur\u00f3 que la experiencia de sus rivales ser\u00e1 un duro escollo. Adem\u00e1s le baj\u00f3 el perfil al tema del cumplea\u00f1os de Puch, aclarando que tras el partido los jugadores quedan libres.<\/p>\n","protected":false},"author":1,"featured_media":3989,"comment_status":"open","ping_status":"open","sticky":false,"template":"","format":"standard","meta":{"footnotes":""},"categories":[18],"tags":[48,40],"class_list":{"0":"post-2361","1":"post","2":"type-post","3":"status-publish","4":"format-standard","5":"has-post-thumbnail","7":"category-actualidad","8":"tag-apertura-2011","9":"tag-jorge-sampaoli"},"_links":{"self":[{"href":"http:\/\/www.rincondelbulla.cl\/portal\/wp-json\/wp\/v2\/posts\/2361","targetHints":{"allow":["GET"]}}],"collection":[{"href":"http:\/\/www.rincondelbulla.cl\/portal\/wp-json\/wp\/v2\/posts"}],"about":[{"href":"http:\/\/www.rincondelbulla.cl\/portal\/wp-json\/wp\/v2\/types\/post"}],"author":[{"embeddable":true,"href":"http:\/\/www.rincondelbulla.cl\/portal\/wp-json\/wp\/v2\/users\/1"}],"replies":[{"embeddable":true,"href":"http:\/\/www.rincondelbulla.cl\/portal\/wp-json\/wp\/v2\/comments?post=2361"}],"version-history":[{"count":0,"href":"http:\/\/www.rincondelbulla.cl\/portal\/wp-json\/wp\/v2\/posts\/2361\/revisions"}],"wp:featuredmedia":[{"embeddable":true,"href":"http:\/\/www.rincondelbulla.cl\/portal\/wp-json\/wp\/v2\/media\/3989"}],"wp:attachment":[{"href":"http:\/\/www.rincondelbulla.cl\/portal\/wp-json\/wp\/v2\/media?parent=2361"}],"wp:term":[{"taxonomy":"category","embeddable":true,"href":"http:\/\/www.rincondelbulla.cl\/portal\/wp-json\/wp\/v2\/categories?post=2361"},{"taxonomy":"post_tag","embeddable":true,"href":"http:\/\/www.rincondelbulla.cl\/portal\/wp-json\/wp\/v2\/tags?post=2361"}],"curies":[{"name":"wp","href":"https:\/\/api.w.org\/{rel}","templated":true}]}}