{"id":2362,"date":"2011-04-09T00:25:43","date_gmt":"2011-04-09T00:25:43","guid":{"rendered":"http:\/\/www.rincondelbulla.cl\/portal\/?p=2362"},"modified":"2011-04-09T00:25:43","modified_gmt":"2011-04-09T00:25:43","slug":"la-previa-deportes-iquique-vs-universidad-de-chile","status":"publish","type":"post","link":"http:\/\/www.rincondelbulla.cl\/portal\/2011\/04\/09\/la-previa-deportes-iquique-vs-universidad-de-chile\/","title":{"rendered":"La Previa: Deportes Iquique vs. Universidad de Chile"},"content":{"rendered":"<figure id=\"attachment_3990\" aria-describedby=\"caption-attachment-3990\" style=\"width: 600px\" class=\"wp-caption alignnone\"><img loading=\"lazy\" decoding=\"async\" class=\" size-full wp-image-3990\" src=\"http:\/\/www.rincondelbulla.cl\/portal\/wp-content\/uploads\/2011\/04\/a91d79570d5b39e5076b8950689c832a.jpg\" alt=\"\" class=\"caption\" title=\"La U quiere traer los 3 puntos desde el norte\" width=\"600\" height=\"340\" srcset=\"http:\/\/www.rincondelbulla.cl\/portal\/wp-content\/uploads\/2011\/04\/a91d79570d5b39e5076b8950689c832a.jpg 600w, http:\/\/www.rincondelbulla.cl\/portal\/wp-content\/uploads\/2011\/04\/a91d79570d5b39e5076b8950689c832a-300x170.jpg 300w\" sizes=\"auto, (max-width: 600px) 100vw, 600px\" \/><figcaption id=\"caption-attachment-3990\" class=\"wp-caption-text\">La U quiere traer los 3 puntos desde el norte<\/figcaption><\/figure>\n<p><strong>Con la prensa deportiva m\u00e1s preocupada del cumplea\u00f1os de Edson Puch que del partido mismo, la U buscar\u00e1 acercarse m\u00e1s a la punta del Torneo, en un duelo dif\u00edcil ante el experimentado plantel de Deportes Iquique. Con equipo ya confirmado, Jorge Sampaoli y su escuadra quieren traerse los tres puntos desde el norte, aunque los \u201cDragones\u201d quieren complicar a los azules. \u00bfSe mantendr\u00e1 la racha ganadora y goleadora?, todo se sabr\u00e1 este s\u00e1bado, a partir de las 22:00 hrs. cuando la redonda comience a moverse. Como siempre toda la previa de este duelo te la entrega Rinc\u00f3n del Bulla.<\/strong><\/p>\n<p>  <!--more-->  <\/p>\n<p>Luego de golear a Santiago Wanderers en la cancha de Santa Laura, con incidentes y pol\u00e9micas incluidos, la Universidad de Chile alcanz\u00f3 el segundo lugar del Torneo y con ellos las ansias de escalar hasta la cima, para esto, un gran escollo es Deportes Iquique, m\u00e1s a\u00fan en su cancha, en pleno norte grande de Chile, el s\u00e1bado a las 22:00hrs.<\/p>\n<p>Pero el partido casi a pasado a segundo plano por el cumplea\u00f1os de Edson Puch y su, posible, festejo en alg\u00fan local de la nortina ciudad (con afiche incluido). La mayor\u00eda de las preguntas han apuntado a eso, por lo menos, y es que el tema tampoco es algo relajado ya que los fantasmas de las indisciplinas en la U ya comienzan a salir a flote. Sin embargo el platel y el mismo DT le han bajado el perfil al tema, incluso con iron\u00edas \u201cno creo que vaya al cumplea\u00f1os (de Puch) as\u00ed me ahorro un regalo\u201d brome\u00f3 el t\u00e9cnico Jorge Sampaoli.<\/p>\n<p>Pero en lo futbol\u00edstico, que es lo que a nosotros, al menos, nos importa, tambi\u00e9n hay dudas, al menos eso demostr\u00f3 el DT, \u201cIquique nos har\u00e1 sentir inc\u00f3modos\u201d declar\u00f3 Sampaoli. \u201cdepende de d\u00f3nde se desarrolle el juego y quien imponga sus t\u00e9rminos. Iquique tiene mucha experiencia y no hay que confiarse\u201d a\u00f1adi\u00f3.<\/p>\n<p>Sobre la formaci\u00f3n que se vislumbra para el s\u00e1bado, Sampaoli declar\u00f3 que solo tienes dudas en el mediocampo con Seymur y Marcelo D\u00edaz, pero aclar\u00f3 que la U formar\u00eda con l\u00ednea de cuatro.<\/p>\n<p>De esta manera, la alineaci\u00f3n de loa azules ser\u00eda con <strong>Jhonny Herrera<\/strong>; <strong>Marcos Gonz\u00e1lez<\/strong>,<strong> Juan Abarca<\/strong>,<strong> Jos\u00e9 Rojas<\/strong>; <strong>Charles Ar\u00e1nguiz<\/strong>, <strong>Felipe Seymour<\/strong>, <strong>Eugenio Mena<\/strong>, <strong>Guillermo Marino<\/strong>; <strong>Eduardo Vargas<\/strong>, <strong>Edson Puch<\/strong> y <strong>Gabriel Vargas<\/strong>.<\/p>\n<p><strong>EL RIVAL<\/strong><\/p>\n<p>Los iquique\u00f1os, colistas absolutos del Torneo quieren salir del fondo y ven en este duelo un atractivo inicio para eso, por lo mismo formar\u00e1n con la mejor gente que disponen, el once inicial de los \u201cDragones celestes\u201d ser\u00eda con\u00a0 Naranjo; R\u00edos, Fuentes, Gonz\u00e1lez, Contreras; Martel, Taucare, Mel\u00e9ndez, D\u00e1vila; Ramos, Bogado.<\/p>\n<p><strong>No olvides que puedes seguir el partido en vivo a trav\u00e9s de Rincondelbulla.cl, este s\u00e1bado a partir de las 22:00 hrs. \u00a1Fuerza Leones!<\/strong><\/p>\n<p><span style=\"text-decoration: underline;\"><strong>Venta de entradas<\/strong><\/span><\/p>\n<p>Viernes y s\u00e1bado desde las 11:00 horas en boleter\u00edas del Estadio Tierra de Campeones y Zona Franca.<br \/><strong><br \/>Valores de entradas<\/strong><\/p>\n<p>Marquesina Adulto: $ 22.000.-<br \/>Marquesina Ni\u00f1o: $ 11.000.-<br \/>Pac\u00edfico Adulto: $ 12.000.-<br \/>Pac\u00edfico Ni\u00f1os: $ 6.000.-<br \/>Andes Adulto: $ 6.000.-<br \/>Galer\u00eda Adultos: $ 5.000.-<br \/>Ni\u00f1os General: $ 3.000.-<\/p>\n<p>\u00a0<\/p>\n","protected":false},"excerpt":{"rendered":"<p>Con la prensa deportiva m\u00e1s preocupada del cumplea\u00f1os de Edson Puch que del partido mismo, la U buscar\u00e1 acercarse m\u00e1s a la punta del Torneo, en un duelo dif\u00edcil ante el experimentado plantel de Deportes Iquique. Con equipo ya confirmado, Jorge Sampaoli y su escuadra quieren traerse los tres puntos desde el norte, aunque los [&#8230;]<\/p>\n","protected":false},"author":57,"featured_media":3990,"comment_status":"open","ping_status":"open","sticky":false,"template":"","format":"standard","meta":{"footnotes":""},"categories":[18],"tags":[48,37],"class_list":{"0":"post-2362","1":"post","2":"type-post","3":"status-publish","4":"format-standard","5":"has-post-thumbnail","7":"category-actualidad","8":"tag-apertura-2011","9":"tag-la-previa"},"_links":{"self":[{"href":"http:\/\/www.rincondelbulla.cl\/portal\/wp-json\/wp\/v2\/posts\/2362","targetHints":{"allow":["GET"]}}],"collection":[{"href":"http:\/\/www.rincondelbulla.cl\/portal\/wp-json\/wp\/v2\/posts"}],"about":[{"href":"http:\/\/www.rincondelbulla.cl\/portal\/wp-json\/wp\/v2\/types\/post"}],"author":[{"embeddable":true,"href":"http:\/\/www.rincondelbulla.cl\/portal\/wp-json\/wp\/v2\/users\/57"}],"replies":[{"embeddable":true,"href":"http:\/\/www.rincondelbulla.cl\/portal\/wp-json\/wp\/v2\/comments?post=2362"}],"version-history":[{"count":0,"href":"http:\/\/www.rincondelbulla.cl\/portal\/wp-json\/wp\/v2\/posts\/2362\/revisions"}],"wp:featuredmedia":[{"embeddable":true,"href":"http:\/\/www.rincondelbulla.cl\/portal\/wp-json\/wp\/v2\/media\/3990"}],"wp:attachment":[{"href":"http:\/\/www.rincondelbulla.cl\/portal\/wp-json\/wp\/v2\/media?parent=2362"}],"wp:term":[{"taxonomy":"category","embeddable":true,"href":"http:\/\/www.rincondelbulla.cl\/portal\/wp-json\/wp\/v2\/categories?post=2362"},{"taxonomy":"post_tag","embeddable":true,"href":"http:\/\/www.rincondelbulla.cl\/portal\/wp-json\/wp\/v2\/tags?post=2362"}],"curies":[{"name":"wp","href":"https:\/\/api.w.org\/{rel}","templated":true}]}}