{"id":2363,"date":"2011-04-10T00:00:46","date_gmt":"2011-04-10T00:00:46","guid":{"rendered":"http:\/\/www.rincondelbulla.cl\/portal\/?p=2363"},"modified":"2011-04-10T00:00:46","modified_gmt":"2011-04-10T00:00:46","slug":"marcelo-salas-el-debut-de-un-goleador-nacional","status":"publish","type":"post","link":"http:\/\/www.rincondelbulla.cl\/portal\/2011\/04\/10\/marcelo-salas-el-debut-de-un-goleador-nacional\/","title":{"rendered":"Marcelo Salas: el debut de un goleador nacional"},"content":{"rendered":"<figure id=\"attachment_3991\" aria-describedby=\"caption-attachment-3991\" style=\"width: 600px\" class=\"wp-caption alignnone\"><img loading=\"lazy\" decoding=\"async\" class=\" size-full wp-image-3991\" src=\"http:\/\/www.rincondelbulla.cl\/portal\/wp-content\/uploads\/2011\/04\/edf3c19e4238ac00827849d298e6f1f9.jpg\" alt=\"Foto: Photosport\" class=\"caption\" title=\"Fuente: Udechile.cl\" width=\"600\" height=\"340\" srcset=\"http:\/\/www.rincondelbulla.cl\/portal\/wp-content\/uploads\/2011\/04\/edf3c19e4238ac00827849d298e6f1f9.jpg 600w, http:\/\/www.rincondelbulla.cl\/portal\/wp-content\/uploads\/2011\/04\/edf3c19e4238ac00827849d298e6f1f9-300x170.jpg 300w\" sizes=\"auto, (max-width: 600px) 100vw, 600px\" \/><figcaption id=\"caption-attachment-3991\" class=\"wp-caption-text\">Fuente: Udechile.cl<\/figcaption><\/figure>\n<p><strong>Este domingo se cumplen 18 a\u00f1os del debut de Marcelo Salas en el profesionalismo: goleador hist\u00f3rico de la \u00abRoja\u00bb, bicampe\u00f3n con la \u00abU\u00bb, figura en River Plate, Lazio y Juventus. <\/strong>  <!--more-->  Jos\u00e9 Marcelo Salas Melinao, debut\u00f3 profesionalmente en 1993 en un partido correspondiente a la octava fecha de la Copa Chile ante Colchagua en el estadio Jorge Mu\u00f1oz Silva de San Fernando. El DT de la \u00abU\u00bb, Arturo Salah, decidi\u00f3 llamar al juvenil Salas al terreno de juego. El ingreso del temucano por Mariano Puyol se concret\u00f3 a los 74\u2019 del encuentro dirigido por el juez N\u00e9stor Mondr\u00eda ante 3.650 espectadores. Pese a que en esa ocasi\u00f3n no convirti\u00f3, los azules ganaron por la m\u00ednima con anotaci\u00f3n de Richard Zambrano, su nombre empez\u00f3 a dar qu\u00e9 hablar.<\/p>\n<p>De su relaci\u00f3n con Marcelo, el actual DT de la juvenil azul, Cristi\u00e1n Romero, comenta que Salas siempre destac\u00f3 por sobre los dem\u00e1s jugadores de su edad, \u00abten\u00eda una tremenda preparaci\u00f3n f\u00edsica y, tambi\u00e9n, futbol\u00edstica; por eso no sorprendi\u00f3 que fuera r\u00e1pido su ascenso, de un d\u00eda para otro estaba entrenando con el plantel y al a\u00f1o siguiente era titular indiscutido\u00bb.<\/p>\n<p>De hecho, comenta que antes de que debutara profesionalmente ya jugaba en el f\u00fatbol joven como volante y ten\u00eda gol. \u00abDe joven lo recuerdo como un tipo serio, trabajador, bueno para entrenar y con una personalidad fuerte pero reservada\u00bb, agreg\u00f3 Romero.<\/p>\n<p>Otro que estuvo presente en ese partido con historia fue Cristi\u00e1n Mora, quien record\u00f3 que \u00abdaba la sensaci\u00f3n que Marcelo hubiese jugado siempre en el primer equipo, pues pese a su corta edad don Arturo (Salah) le dio una labor que no era f\u00e1cil, cumplir la funci\u00f3n de referente de \u00e1rea, que en ese entonces cumpl\u00eda a la perfecci\u00f3n Gino Cofre\u00bb.<\/p>\n<p>Mora, adem\u00e1s, no escatim\u00f3 en elogios para referirse a la carrera de Salas. \u00abA todos nos llamaba la atenci\u00f3n su car\u00e1cter fuerte, la exigencia que mostraba consigo mismo, lo aguerrido que era en la cancha y la tranquilidad que ten\u00eda para definir cuando estaba frente al arco. No todos los d\u00edas se ve que la confianza de un equipo entero estaba depositada en un jugador joven\u00bb.<\/p>\n<p>Marcelo Salas estuvo ocho temporadas vistiendo la camiseta azul: 1993 a 1996 y, en su regreso, desde el 2005 a 2008; pero fue durante sus primeros a\u00f1os que la afici\u00f3n universitaria le dio el apodo de \u00abMatador\u00bb debido a su sangre fr\u00eda a la hora de definir.<\/p>\n<p>El d\u00eda 23 de noviembre de 2008 anunci\u00f3 su retiro del f\u00fatbol profesional luego del partido donde la Universidad de Chile venci\u00f3 a Cobreloa por 3-2, con dos goles del propio delantero. Dejando para el recuerdo 155 goles en torneos oficiales de Primera Divisi\u00f3n y 248 goles como futbolista profesional; 111 en la Universidad de Chile, 48 en River Plate, 48 en la Lazio, 4 en la Juventus y 37 en la Selecci\u00f3n Chilena.<\/p>\n<p><strong>SALAS Y LA SELECCI\u00d3N<\/strong><\/p>\n<p>En junio de 1993 Salas debut\u00f3 con la camiseta de la selecci\u00f3n chilena ante Argentina, partido amistoso que termin\u00f3 igualado 3-3. El joven delantero entr\u00f3 en el segundo tiempo anot\u00f3 uno de los goles del partido, siendo este el primero de 37 tantos que lo llevaron a convertirse en el goleador hist\u00f3rico de la \u00abRoja\u00bb.<\/p>\n<p>Particip\u00f3 en cuatro procesos mundialistas, siendo pieza fundamental en el equipo que clasific\u00f3 a la Copa Mundial de Francia 98. En dicho certamen anot\u00f3 cuatro goles, igual marca que ostenta Leonel S\u00e1nchez y Guillermo Subiabre.<\/p>\n<p>El 21 de noviembre de 2007 jug\u00f3 su \u00faltimo partido con la selecci\u00f3n en la derrota frente a Paraguay, partido correspondiente a las clasificatorias para Sud\u00e1frica 2010.<\/p>\n","protected":false},"excerpt":{"rendered":"<p>Este domingo se cumplen 18 a\u00f1os del debut de Marcelo Salas en el profesionalismo: goleador hist\u00f3rico de la \u00abRoja\u00bb, bicampe\u00f3n con la \u00abU\u00bb, figura en River Plate, Lazio y Juventus.<\/p>\n","protected":false},"author":1,"featured_media":3991,"comment_status":"open","ping_status":"open","sticky":false,"template":"","format":"standard","meta":{"footnotes":""},"categories":[18],"tags":[63],"class_list":{"0":"post-2363","1":"post","2":"type-post","3":"status-publish","4":"format-standard","5":"has-post-thumbnail","7":"category-actualidad","8":"tag-marcelo-salas"},"_links":{"self":[{"href":"http:\/\/www.rincondelbulla.cl\/portal\/wp-json\/wp\/v2\/posts\/2363","targetHints":{"allow":["GET"]}}],"collection":[{"href":"http:\/\/www.rincondelbulla.cl\/portal\/wp-json\/wp\/v2\/posts"}],"about":[{"href":"http:\/\/www.rincondelbulla.cl\/portal\/wp-json\/wp\/v2\/types\/post"}],"author":[{"embeddable":true,"href":"http:\/\/www.rincondelbulla.cl\/portal\/wp-json\/wp\/v2\/users\/1"}],"replies":[{"embeddable":true,"href":"http:\/\/www.rincondelbulla.cl\/portal\/wp-json\/wp\/v2\/comments?post=2363"}],"version-history":[{"count":0,"href":"http:\/\/www.rincondelbulla.cl\/portal\/wp-json\/wp\/v2\/posts\/2363\/revisions"}],"wp:featuredmedia":[{"embeddable":true,"href":"http:\/\/www.rincondelbulla.cl\/portal\/wp-json\/wp\/v2\/media\/3991"}],"wp:attachment":[{"href":"http:\/\/www.rincondelbulla.cl\/portal\/wp-json\/wp\/v2\/media?parent=2363"}],"wp:term":[{"taxonomy":"category","embeddable":true,"href":"http:\/\/www.rincondelbulla.cl\/portal\/wp-json\/wp\/v2\/categories?post=2363"},{"taxonomy":"post_tag","embeddable":true,"href":"http:\/\/www.rincondelbulla.cl\/portal\/wp-json\/wp\/v2\/tags?post=2363"}],"curies":[{"name":"wp","href":"https:\/\/api.w.org\/{rel}","templated":true}]}}