{"id":2367,"date":"2011-04-11T05:21:02","date_gmt":"2011-04-11T05:21:02","guid":{"rendered":"http:\/\/www.rincondelbulla.cl\/portal\/?p=2367"},"modified":"2011-04-11T05:21:02","modified_gmt":"2011-04-11T05:21:02","slug":"de-dulce-y-agraz-para-los-azules-por-el-mundo","status":"publish","type":"post","link":"http:\/\/www.rincondelbulla.cl\/portal\/2011\/04\/11\/de-dulce-y-agraz-para-los-azules-por-el-mundo\/","title":{"rendered":"De dulce y agraz para los azules por el mundo"},"content":{"rendered":"<figure id=\"attachment_3994\" aria-describedby=\"caption-attachment-3994\" style=\"width: 600px\" class=\"wp-caption alignnone\"><img loading=\"lazy\" decoding=\"async\" class=\" size-full wp-image-3994\" src=\"http:\/\/www.rincondelbulla.cl\/portal\/wp-content\/uploads\/2011\/04\/bca1dd559f75f65255fb90327f144139.jpg\" alt=\"Foto: Mexsport\" class=\"caption\" title=\"Si bien Waldo Ponce anot\u00f3, su escuadra no logr\u00f3 el triunfo en casa\" width=\"600\" height=\"340\" srcset=\"http:\/\/www.rincondelbulla.cl\/portal\/wp-content\/uploads\/2011\/04\/bca1dd559f75f65255fb90327f144139.jpg 600w, http:\/\/www.rincondelbulla.cl\/portal\/wp-content\/uploads\/2011\/04\/bca1dd559f75f65255fb90327f144139-300x170.jpg 300w\" sizes=\"auto, (max-width: 600px) 100vw, 600px\" \/><figcaption id=\"caption-attachment-3994\" class=\"wp-caption-text\">Si bien Waldo Ponce anot\u00f3, su escuadra no logr\u00f3 el triunfo en casa<\/figcaption><\/figure>\n<p><strong>Una jornada que vio pocas caras alegres para los que alguna vez vistieron la casaca azul y que hoy en d\u00eda est\u00e1n repartidos por el orbe. Si hay algo que rescatar es que las redes se inflaron en M\u00e9xico e Italia a costa de Rom\u00e1nticos Viajeros. He aqu\u00ed el azules por el mundo de esta semana<\/strong><\/p>\n<p>  <!--more-->  <\/p>\n<p><strong>Emilio Hern\u00e1ndez: <\/strong>59 minutos alcanz\u00f3 a estar en cancha el \u00abChoro\u00bb, cumpliendo un cometido aceptable en el duelo que enfrent\u00f3 a Argentinos Juniors con Gimnasia y Esgrima de la Plata, curiosamente, escuadra de Boris Rieloff, uno que estuvo a punto de llegar a la U a comienzos de a\u00f1o. El gol naci\u00f3 gracias a un centro de Hern\u00e1ndez, el que fue conectado por su compa\u00f1ero Rius para decretar el empate final a 1 tanto entre el \u00abBicho\u00bb y el \u00abLobo\u00bb, que deja a la escuadra de Hern\u00e1ndez 5\u00ba, con 15 puntos y a 3 del l\u00edder River Plate.<\/p>\n<p><strong>Miguel Pinto: <\/strong>La mala fortuna fue la principal compa\u00f1era del ex capit\u00e1n azul. Su equipo, el Atlas de M\u00e9xico, fue vencido por 3 a 1 en su visita al Atlante. En el primer tanto de los \u00abpotros de hierro\u00bb Francisco Fonseca col\u00f3 un disparo de zurda por el primer palo del portero nacional, mientras que en el segundo gol un desafortunado rebote provoc\u00f3 que el seleccionado chileno anotara un autogol (cabezazo al palo de un propio compa\u00f1ero y el bal\u00f3n rebota en las piernas de Pinto). Los rojinegros tienen 16 puntos y desperdiciaron la oportunidad de alcanzar al Am\u00e9rica en la cima del grupo 2 del Clausura mexicano, hecho que si logr\u00f3 su rival de esta jornada.<\/p>\n<p><strong>Manuel Iturra: <\/strong>Desde la banca observ\u00f3 el crespo volante la estrepitosa ca\u00edda de su equipo, el Uniao Leiria, frente al Vitoria Set\u00fabal en calidad de visitante. El cuadro de \u00abColocho\u00bb se vio superado ampliamente y fue goleado por 4 tantos contra 1, \u00a0resultado que los deja en la 11\u00ba posici\u00f3n con 30 unidades, a falta de cuatro fechas para el cierre del torneo.<\/p>\n<p><strong>Marco Estrada: <\/strong>No mucho pudo hacer el \u00abCa\u00f1onero azul\u00bb en el empate de Montpellier frente a Nice a 1 gol. El volante zurdo ingres\u00f3 en el minuto 65, cuando las cosas estaban 1 a 0 a favor de su equipo, sin embargo un autogol puso la paridad definitiva en el estadio Le Mosson de Montpellier. El equipo de Estrada se encuentra 6\u00ba en la tabla de posiciones, sumando 43 unidades.<\/p>\n<p><strong>Mauricio Pinilla: <\/strong>El<strong> <\/strong>Palermo del goleador dej\u00f3 escapar un triunfo frente al Cesena de Luis Jim\u00e9nez y termin\u00f3 empatando a 2 tantos. \u00abIl Bomber\u00bb, como fue bautizado en su paso por Grosseto, estuvo desde el primer minuto y en el minuto 36 se interpuso voluntariamente en un bombazo de Cassani\u00a0para enviar el bal\u00f3n al fondo del arco defendido por Antonioli. Abandon\u00f3 el campo de juego en el minuto 90, y tan s\u00f3lo 1 min. despu\u00e9s comenz\u00f3 la remontada de Cesena, la que fue expresada en el marcador en el \u00faltimo suspiro del duelo disputado en el Renzo Barbera (90+1 y en los 90+6). Este empate deja al cuadro rosa en la 8\u00ba posici\u00f3n con 44 puntos.<\/p>\n<p><strong>Waldo Ponce y Hugo Droguett: <\/strong>El \u00fanico pack de esta secci\u00f3n no obtuvo un buen resultado el fin de semana, pues se equipo cay\u00f3 derrotado frente a Morelia por 3 a 2 como locales. Ponce estuvo de titular, mientras que Droguett ingres\u00f3 en el primer minuto de la segunda mitad. Cuando corr\u00eda el minuto 62 el central chileno aparece en el \u00e1rea tras un pivoteo de un compa\u00f1ero en un tiro de esquina y bate la porter\u00eda rival, poniendo el 2 a 2 transitorio. Sin embargo en los descuentos llega el tanto del desnivel a favor de la visita, lo que dej\u00f3 a la M\u00e1quina Cementera tercera de su grupo, con 21 unidades.<\/p>\n<p><strong>Rodrigo Tello: <\/strong>El volante nuevamente no vio acci\u00f3n en Eskisehirspor, \u00a0que esta ocasi\u00f3n cay\u00f3 por 1 a 3 frente a Fenerbah\u00e7e como local. Con este resultado, el equipo del jugador que tiene entre sus planes volver en alg\u00fan momento a la U suma 42 puntos y es 6\u00ba en la Superliga Turca.<\/p>\n<p><strong>Pedro Morales: <\/strong>Cerramos la edici\u00f3n de esta semana con el \u00fanico triunfo de azules por el mundo. D\u00ednamo de Zagreb derrot\u00f3 por la cuenta m\u00ednima a Lokomotiva, ratificando su condici\u00f3n de favorito al quedar en la cima del torneo croata con 61 puntos, a 13 de su m\u00e1s cercano perseguidor. Morales estuvo desde el primer minuto e incluso tuvo la posibilidad de anotar de tiro libre, sin embargo el portero rival se lo imipidi\u00f3. Posteriormente, fue reemplazado en el entretiempo por quien finalmente anotar\u00eda el tanto de la victoria para su equipo, Jakub Sylvestr.<\/p>\n<p><strong>La pr\u00f3xima semana retomamos esta secci\u00f3n en donde les contamos sobre el andar de los compatriotas que usaron la azul alguna vez. Si creen que falta alguien en el listado, no duden en avisarnos! <\/strong><\/p>\n","protected":false},"excerpt":{"rendered":"<p>Una jornada que vio pocas caras alegres para los que alguna vez vistieron la casaca azul y que hoy en d\u00eda est\u00e1n repartidos por el orbe. Si hay algo que rescatar es que las redes se inflaron en M\u00e9xico e Italia a costa de Rom\u00e1nticos Viajeros. He aqu\u00ed el azules por el mundo de esta [&#8230;]<\/p>\n","protected":false},"author":54,"featured_media":3994,"comment_status":"open","ping_status":"open","sticky":false,"template":"","format":"standard","meta":{"footnotes":""},"categories":[18],"tags":[55],"class_list":{"0":"post-2367","1":"post","2":"type-post","3":"status-publish","4":"format-standard","5":"has-post-thumbnail","7":"category-actualidad","8":"tag-azules-por-el-mundo"},"_links":{"self":[{"href":"http:\/\/www.rincondelbulla.cl\/portal\/wp-json\/wp\/v2\/posts\/2367","targetHints":{"allow":["GET"]}}],"collection":[{"href":"http:\/\/www.rincondelbulla.cl\/portal\/wp-json\/wp\/v2\/posts"}],"about":[{"href":"http:\/\/www.rincondelbulla.cl\/portal\/wp-json\/wp\/v2\/types\/post"}],"author":[{"embeddable":true,"href":"http:\/\/www.rincondelbulla.cl\/portal\/wp-json\/wp\/v2\/users\/54"}],"replies":[{"embeddable":true,"href":"http:\/\/www.rincondelbulla.cl\/portal\/wp-json\/wp\/v2\/comments?post=2367"}],"version-history":[{"count":0,"href":"http:\/\/www.rincondelbulla.cl\/portal\/wp-json\/wp\/v2\/posts\/2367\/revisions"}],"wp:featuredmedia":[{"embeddable":true,"href":"http:\/\/www.rincondelbulla.cl\/portal\/wp-json\/wp\/v2\/media\/3994"}],"wp:attachment":[{"href":"http:\/\/www.rincondelbulla.cl\/portal\/wp-json\/wp\/v2\/media?parent=2367"}],"wp:term":[{"taxonomy":"category","embeddable":true,"href":"http:\/\/www.rincondelbulla.cl\/portal\/wp-json\/wp\/v2\/categories?post=2367"},{"taxonomy":"post_tag","embeddable":true,"href":"http:\/\/www.rincondelbulla.cl\/portal\/wp-json\/wp\/v2\/tags?post=2367"}],"curies":[{"name":"wp","href":"https:\/\/api.w.org\/{rel}","templated":true}]}}