{"id":2378,"date":"2011-04-18T00:25:30","date_gmt":"2011-04-18T00:25:30","guid":{"rendered":"http:\/\/www.rincondelbulla.cl\/portal\/?p=2378"},"modified":"2011-04-18T00:25:30","modified_gmt":"2011-04-18T00:25:30","slug":"pinilla-destaca-en-irregular-jornada-de-azules-por-el-mundo","status":"publish","type":"post","link":"http:\/\/www.rincondelbulla.cl\/portal\/2011\/04\/18\/pinilla-destaca-en-irregular-jornada-de-azules-por-el-mundo\/","title":{"rendered":"Pinilla destaca en irregular jornada de azules por el mundo"},"content":{"rendered":"<figure id=\"attachment_4005\" aria-describedby=\"caption-attachment-4005\" style=\"width: 600px\" class=\"wp-caption alignnone\"><img loading=\"lazy\" decoding=\"async\" class=\" size-full wp-image-4005\" src=\"http:\/\/www.rincondelbulla.cl\/portal\/wp-content\/uploads\/2011\/04\/c261bce6c425e0aa4e6ea1199a68214d.jpg\" alt=\"Foto: www.ilpalermocalcio.it\" class=\"caption\" title=\"El ex delantero laico fue figura en el triunfo del Palermo en Roma\" width=\"600\" height=\"340\" srcset=\"http:\/\/www.rincondelbulla.cl\/portal\/wp-content\/uploads\/2011\/04\/c261bce6c425e0aa4e6ea1199a68214d.jpg 600w, http:\/\/www.rincondelbulla.cl\/portal\/wp-content\/uploads\/2011\/04\/c261bce6c425e0aa4e6ea1199a68214d-300x170.jpg 300w\" sizes=\"auto, (max-width: 600px) 100vw, 600px\" \/><figcaption id=\"caption-attachment-4005\" class=\"wp-caption-text\">El ex delantero laico fue figura en el triunfo del Palermo en Roma<\/figcaption><\/figure>\n<p><strong>\u00abPinigol\u00bb fue el \u00fanico ex laico que pudo abrazarse con las redes el fin de semana, en el cual los equipos de los otrora estudiantiles se caracterizaron por las derrotas. Otro que festej\u00f3 una victoria fue Miguel Pinto en M\u00e9xico. A continuaci\u00f3n, la secci\u00f3n Azules por el Mundo de esta semana.  <!--more-->  Mauricio Pinilla:<\/strong> el delantero formado en Universidad de Chile y que brillara en la temporada 2003, fue la gran figura en el triunfo de su cuadro, el Palermo, frente a la Roma por tres tantos a dos, en el Estadio Ol\u00edmpico de la capital italiana. Primero, la defensa de la \u00abLoba\u00bb le cometi\u00f3 un penal que transform\u00f3 en gol (\u00b443) para igualar el tanteador -Totti, tambi\u00e9n de penal, hab\u00eda inaugurado las cifras-, anotando as\u00ed su segunda diana consecutiva y consolidando su buen nivel tras regresar de una larga lesi\u00f3n. Luego, habilit\u00f3 en dos oportunidades al uruguayo Abel Hern\u00e1ndez (\u00b484 y \u00b490), quien sentenci\u00f3 el encuentro a favor de los sure\u00f1os. El descuento de Mirko Vucinic (\u00b492) sirvi\u00f3 apenas para maquillar la buena victoria del Palermo, que lo deja en la octava plaza de la Serie A con 45 puntos y con expectativas de alcanzar puestos de copas europeas.<\/p>\n<p><strong>Manuel iturra:<\/strong> \u00abColocho\u00bb no tuvo un buen fin de semana en\u00a0 Portugal. Su equipo, el Uniao Leir\u00eda, cay\u00f3 por la cuenta m\u00ednima ante el colista de la Superliga lusa, el Portimonense, en la jornada 27 del torneo, lo que deja al cuadro del seleccionado nacional en la mitad de la tabla con 30 puntos, en un certamen que ya coron\u00f3 al Porto como monarca. El volante de contenci\u00f3n fue titular para el Leir\u00eda, siendo amonestado cuando expiraba la primera mitad. Su discreto rendimiento le signific\u00f3 ser reemplazado a los \u00b421 del complemento.<\/p>\n<p><strong>Marco Estrada:<\/strong> otro volante de contenci\u00f3n que no pudo festejar en pastos for\u00e1neos. El jugador formado en Everton no pudo evitar la derrota de su Montpellier ante el poderoso Olimpique de Marsella por dos a uno, en encuentro v\u00e1lido por la fecha 32 de la Ligue 1 gala. Estrada ingres\u00f3 al inicio del segundo per\u00edodo, en un rev\u00e9s que deja al Montpellier con 43 puntos y muy lejos de clasificar a las copas internacionales, por cuanto, a siete fechas del cierre de la liga, se encuentra a ocho unidades del \u00faltimo puesto de clasificaci\u00f3n a la Europa League, hoy en poder del Rennes.<\/p>\n<p><strong>Miguel Pinto: <\/strong>el ex capit\u00e1n laico y mejor portero de Am\u00e9rica en 2009, pudo romper la negativa tendencia y festej\u00f3 con el Atlas en M\u00e9xico. El cuadro rojinegro dio vuelta el marcador ante el Pachuca y derrot\u00f3 al verdugo de Colo Colo en la Copa Sudamericana 2006 por dos tantos a uno. El guardavallas disput\u00f3 los 90 minutos del encuentro, que deja al Atlas con 20 puntos, en el octavo puesto de la tabla general y a s\u00f3lo tres unidades del l\u00edder del grupo dos del certamen mexicano, el Atlante, cuando quedan dos jornadas por disputarse.<\/p>\n<p><strong>Waldo Ponce: <\/strong>el ex central laico no pudo festejar con el Cruz Azul en la liga mexicana. La \u00abMaquina Cementera\u00bb cay\u00f3 por dos goles a cero frente al Puebla, en un partido que cont\u00f3 con la presenta del otrora capit\u00e1n universitario durante los 90 minutos. Este resultado deja al cuadro azul en el cuarto puesto de la tabla general, con serias oportunidades de calificar a los \u00abPlayoffs\u00bb del campeonato azteca. Hugo Droguett no disput\u00f3 el encuentro por una lesi\u00f3n en su peron\u00e9.<\/p>\n<p><strong>Emilio Hern\u00e1ndez: <\/strong>El apodado \u00abChoro\u00bb no fue citado al encuentro que su cuadro, Argentinos Juniors, perdi\u00f3 ante Godoy Cruz de Mendoza por un gol a cero. Este resultado deja a la oncena del ex delantero estudiantil en la novena casilla del Clausura trasandino, con 15 unidades.<\/p>\n<p><strong>Pedro Morales: <\/strong>por \u00faltimo, una inesperada derrota sufri\u00f3 el D\u00ednamo de Zagreb, de Pedro Morales, en la fecha 25 de la liga croata. Uno de los colistas del torneo, el Istra 1961, super\u00f3 al l\u00edder del certamen por dos anotaciones a una. De todas maneras, la escuadra del ex \u00ab10\u00bb azul se mantiene al tope de la clasificaci\u00f3n con 61 positivos, a 13 de su m\u00e1s inmediato perseguidor, el Hajduk Split, cuando quedan cinco jornadas por disputarse. De esta manera, el D\u00ednamo se encuentra ad portas de obtener su sexta liga consecutiva.<\/p>\n<p><strong>Como siempre, si consideran que falta alg\u00fan ex azul en nuestro recuento, por favor dejen registro de aquello. Nos vemos la pr\u00f3xima semana con m\u00e1s Azules por el Mundo.<\/strong><\/p>\n","protected":false},"excerpt":{"rendered":"<p>\u00abPinigol\u00bb fue el \u00fanico ex laico que pudo abrazarse con las redes el fin de semana, en el cual los equipos de los otrora estudiantiles se caracterizaron por las derrotas. Otro que festej\u00f3 una victoria fue Miguel Pinto en M\u00e9xico. A continuaci\u00f3n, la secci\u00f3n Azules por el Mundo de esta semana.<\/p>\n","protected":false},"author":50,"featured_media":4005,"comment_status":"open","ping_status":"open","sticky":false,"template":"","format":"standard","meta":{"footnotes":""},"categories":[18],"tags":[55],"class_list":{"0":"post-2378","1":"post","2":"type-post","3":"status-publish","4":"format-standard","5":"has-post-thumbnail","7":"category-actualidad","8":"tag-azules-por-el-mundo"},"_links":{"self":[{"href":"http:\/\/www.rincondelbulla.cl\/portal\/wp-json\/wp\/v2\/posts\/2378","targetHints":{"allow":["GET"]}}],"collection":[{"href":"http:\/\/www.rincondelbulla.cl\/portal\/wp-json\/wp\/v2\/posts"}],"about":[{"href":"http:\/\/www.rincondelbulla.cl\/portal\/wp-json\/wp\/v2\/types\/post"}],"author":[{"embeddable":true,"href":"http:\/\/www.rincondelbulla.cl\/portal\/wp-json\/wp\/v2\/users\/50"}],"replies":[{"embeddable":true,"href":"http:\/\/www.rincondelbulla.cl\/portal\/wp-json\/wp\/v2\/comments?post=2378"}],"version-history":[{"count":0,"href":"http:\/\/www.rincondelbulla.cl\/portal\/wp-json\/wp\/v2\/posts\/2378\/revisions"}],"wp:featuredmedia":[{"embeddable":true,"href":"http:\/\/www.rincondelbulla.cl\/portal\/wp-json\/wp\/v2\/media\/4005"}],"wp:attachment":[{"href":"http:\/\/www.rincondelbulla.cl\/portal\/wp-json\/wp\/v2\/media?parent=2378"}],"wp:term":[{"taxonomy":"category","embeddable":true,"href":"http:\/\/www.rincondelbulla.cl\/portal\/wp-json\/wp\/v2\/categories?post=2378"},{"taxonomy":"post_tag","embeddable":true,"href":"http:\/\/www.rincondelbulla.cl\/portal\/wp-json\/wp\/v2\/tags?post=2378"}],"curies":[{"name":"wp","href":"https:\/\/api.w.org\/{rel}","templated":true}]}}