{"id":2379,"date":"2011-04-18T17:00:05","date_gmt":"2011-04-18T17:00:05","guid":{"rendered":"http:\/\/www.rincondelbulla.cl\/portal\/?p=2379"},"modified":"2011-04-18T17:00:05","modified_gmt":"2011-04-18T17:00:05","slug":"los-azules-quieren-extender-los-abrazos-al-duelo-con-palestino","status":"publish","type":"post","link":"http:\/\/www.rincondelbulla.cl\/portal\/2011\/04\/18\/los-azules-quieren-extender-los-abrazos-al-duelo-con-palestino\/","title":{"rendered":"Los azules quieren extender los abrazos al duelo con Palestino"},"content":{"rendered":"<figure id=\"attachment_4006\" aria-describedby=\"caption-attachment-4006\" style=\"width: 600px\" class=\"wp-caption alignnone\"><img loading=\"lazy\" decoding=\"async\" class=\" size-full wp-image-4006\" src=\"http:\/\/www.rincondelbulla.cl\/portal\/wp-content\/uploads\/2011\/04\/5360bd81e3f4504b4d564c120ab89c20.jpg\" alt=\"Foto: Patricio Gonz\u00e1lez\" class=\"caption\" title=\"El equipo azul espera continuar con los abrazos\" width=\"600\" height=\"340\" srcset=\"http:\/\/www.rincondelbulla.cl\/portal\/wp-content\/uploads\/2011\/04\/5360bd81e3f4504b4d564c120ab89c20.jpg 600w, http:\/\/www.rincondelbulla.cl\/portal\/wp-content\/uploads\/2011\/04\/5360bd81e3f4504b4d564c120ab89c20-300x170.jpg 300w\" sizes=\"auto, (max-width: 600px) 100vw, 600px\" \/><figcaption id=\"caption-attachment-4006\" class=\"wp-caption-text\">El equipo azul espera continuar con los abrazos<\/figcaption><\/figure>\n<p><strong>La \u201cU\u201d recibir\u00e1 a Palestino, en duelo v\u00e1lido por la decimotercera fecha del Torneo de Apertura, este s\u00e1bado 23 de abril a las 18:00 horas en el Estadio Nacional, seg\u00fan la programaci\u00f3n que dio a conocer hoy lunes (18 de abril) la Asociaci\u00f3n Nacional de F\u00fatbol Profesional.<\/strong><\/p>\n<p>  <!--more-->  <\/p>\n<p>El equipo azul espera continuar con los abrazos en el recinto \u00f1u\u00f1o\u00edno, luego de vencer por 2-0 a Uni\u00f3n La Calera el pasado fin de semana en el Sausalito de Vi\u00f1a del Mar.<br \/><span style=\"text-decoration: underline;\"><strong><br \/>PROGRAMACI\u00d3N DECIMOTERCERA FECHA APERTURA<\/strong><\/span><\/p>\n<p><span style=\"text-decoration: underline;\">Jueves 21 de abril<\/span><\/p>\n<p>20:00 Horas \u00d1ublense vs. Uni\u00f3n Espa\u00f1ola, Bicentenario Nelson Oyarz\u00fan.<\/p>\n<p><span style=\"text-decoration: underline;\">S\u00e1bado 23 de abril<br \/><\/span><br \/>15:30 Horas O&#8217;Higgins vs. Uni\u00f3n La Calera, El Teniente.<br \/>16:00 Horas Wanderers vs. Universidad de Concepci\u00f3n, Playa Ancha.<br \/>18:00 Horas Huachipato vs. Cobreloa, CAP.<br \/>18:00 Horas Universidad de Chile vs. Palestino, Nacional.<br \/>20:30 Horas Universidad Cat\u00f3lica vs. Cobresal, San Carlos.<br \/>22:00 Horas Iquique vs. Audax Italiano, Tierra de Campeones.<\/p>\n<p><span style=\"text-decoration: underline;\">Domingo 24 de abril<\/span><\/p>\n<p>15:30 Horas Uni\u00f3n San Felipe vs. La Serena, Municipal.<br \/>18:00 Horas Santiago Morning vs. Colo Colo, Nacional.<\/p>\n","protected":false},"excerpt":{"rendered":"<p>La \u201cU\u201d recibir\u00e1 a Palestino, en duelo v\u00e1lido por la decimotercera fecha del Torneo de Apertura, este s\u00e1bado 23 de abril a las 18:00 horas en el Estadio Nacional, seg\u00fan la programaci\u00f3n que dio a conocer hoy lunes (18 de abril) la Asociaci\u00f3n Nacional de F\u00fatbol Profesional.<\/p>\n","protected":false},"author":1,"featured_media":4006,"comment_status":"open","ping_status":"open","sticky":false,"template":"","format":"standard","meta":{"footnotes":""},"categories":[18],"tags":[48,59],"class_list":{"0":"post-2379","1":"post","2":"type-post","3":"status-publish","4":"format-standard","5":"has-post-thumbnail","7":"category-actualidad","8":"tag-apertura-2011","9":"tag-programacion"},"_links":{"self":[{"href":"http:\/\/www.rincondelbulla.cl\/portal\/wp-json\/wp\/v2\/posts\/2379","targetHints":{"allow":["GET"]}}],"collection":[{"href":"http:\/\/www.rincondelbulla.cl\/portal\/wp-json\/wp\/v2\/posts"}],"about":[{"href":"http:\/\/www.rincondelbulla.cl\/portal\/wp-json\/wp\/v2\/types\/post"}],"author":[{"embeddable":true,"href":"http:\/\/www.rincondelbulla.cl\/portal\/wp-json\/wp\/v2\/users\/1"}],"replies":[{"embeddable":true,"href":"http:\/\/www.rincondelbulla.cl\/portal\/wp-json\/wp\/v2\/comments?post=2379"}],"version-history":[{"count":0,"href":"http:\/\/www.rincondelbulla.cl\/portal\/wp-json\/wp\/v2\/posts\/2379\/revisions"}],"wp:featuredmedia":[{"embeddable":true,"href":"http:\/\/www.rincondelbulla.cl\/portal\/wp-json\/wp\/v2\/media\/4006"}],"wp:attachment":[{"href":"http:\/\/www.rincondelbulla.cl\/portal\/wp-json\/wp\/v2\/media?parent=2379"}],"wp:term":[{"taxonomy":"category","embeddable":true,"href":"http:\/\/www.rincondelbulla.cl\/portal\/wp-json\/wp\/v2\/categories?post=2379"},{"taxonomy":"post_tag","embeddable":true,"href":"http:\/\/www.rincondelbulla.cl\/portal\/wp-json\/wp\/v2\/tags?post=2379"}],"curies":[{"name":"wp","href":"https:\/\/api.w.org\/{rel}","templated":true}]}}