{"id":2380,"date":"2011-04-19T19:03:45","date_gmt":"2011-04-19T19:03:45","guid":{"rendered":"http:\/\/www.rincondelbulla.cl\/portal\/?p=2380"},"modified":"2011-04-19T19:03:45","modified_gmt":"2011-04-19T19:03:45","slug":"marino-es-algo-lindo-que-nos-queden-dos-clasicos","status":"publish","type":"post","link":"http:\/\/www.rincondelbulla.cl\/portal\/2011\/04\/19\/marino-es-algo-lindo-que-nos-queden-dos-clasicos\/","title":{"rendered":"Marino: \u00abEs algo lindo que nos queden dos cl\u00e1sicos\u00bb"},"content":{"rendered":"<figure id=\"attachment_4007\" aria-describedby=\"caption-attachment-4007\" style=\"width: 600px\" class=\"wp-caption alignnone\"><img loading=\"lazy\" decoding=\"async\" class=\" size-full wp-image-4007\" src=\"http:\/\/www.rincondelbulla.cl\/portal\/wp-content\/uploads\/2011\/04\/580ec6e22c8909e49df20c679c74d1c3.jpg\" alt=\"Foto: Claudio C\u00e1ceres\" class=\"caption\" title=\"Fuente: Prensafutbol.cl\" width=\"600\" height=\"340\" srcset=\"http:\/\/www.rincondelbulla.cl\/portal\/wp-content\/uploads\/2011\/04\/580ec6e22c8909e49df20c679c74d1c3.jpg 600w, http:\/\/www.rincondelbulla.cl\/portal\/wp-content\/uploads\/2011\/04\/580ec6e22c8909e49df20c679c74d1c3-300x170.jpg 300w\" sizes=\"auto, (max-width: 600px) 100vw, 600px\" \/><figcaption id=\"caption-attachment-4007\" class=\"wp-caption-text\">Fuente: Prensafutbol.cl<\/figcaption><\/figure>\n<p><strong>El volante de la &#8216;U&#8217; asegur\u00f3 que no les complica el duro calendario que les queda en el torneo, aclarando que es estimulante tener que enfrentar a Colo Colo y Cat\u00f3lica. Adem\u00e1s Mat\u00edas Rodr\u00edguez confes\u00f3 que no llevar\u00eda a su familia al estadio para un cl\u00e1sico.<\/strong>  <!--more-->  De los cinco partidos que le quedan a Universidad de Chile en el torneo de Apertura dos son cl\u00e1sicos ante Colo Colo y Universidad Cat\u00f3lica, por lo que el panorama se ve cuesta arriba para intentar alcanzar el primer lugar en el certamen.<\/p>\n<p>Sin embargo, en la &#8216;U&#8217; se toman como un desaf\u00edo este fixture y en palabras de Guillermo Marino es algo estimulante. \u00abDepende del punto de vista que cada uno tenga, para nosotros es hermoso, que de cinco partidos dos sean cl\u00e1sicos es algo lindo\u00bb, coment\u00f3.<\/p>\n<p>Adem\u00e1s el volante argentino asegur\u00f3 que no quieren a\u00f1adirse m\u00e1s presi\u00f3n pensando en que necesitan que la UC pierda puntos para alcanzarlos. \u00abEllos tienen dos competencias y hasta ahora se han visto bien, pero estamos mentalizados en ganar los siguientes cinco partidos y si nos lleva a terminar primeros bienvenido sea\u00bb, explic\u00f3.<\/p>\n<p>En tanto Mat\u00edas Rodr\u00edguez coment\u00f3 el delicado tema de la seguridad en el estadio y fue sincero a la hora de contestar si es que llevar\u00eda a su familia a ver un cl\u00e1sico. \u00abNo, hasta que no me den seguridad que no pase nada no la llevar\u00eda. En un partido m\u00e1s tranquilo quiz\u00e1s s\u00ed, pero en un cl\u00e1sico como est\u00e1n las cosas ahora, no\u00bb, enfatiz\u00f3.<\/p>\n","protected":false},"excerpt":{"rendered":"<p>El volante de la &#8216;U&#8217; asegur\u00f3 que no les complica el duro calendario que les queda en el torneo, aclarando que es estimulante tener que enfrentar a Colo Colo y Cat\u00f3lica. Adem\u00e1s Mat\u00edas Rodr\u00edguez confes\u00f3 que no llevar\u00eda a su familia al estadio para un cl\u00e1sico.<\/p>\n","protected":false},"author":1,"featured_media":4007,"comment_status":"open","ping_status":"open","sticky":false,"template":"","format":"standard","meta":{"footnotes":""},"categories":[18],"tags":[48,57,65],"class_list":{"0":"post-2380","1":"post","2":"type-post","3":"status-publish","4":"format-standard","5":"has-post-thumbnail","7":"category-actualidad","8":"tag-apertura-2011","9":"tag-guillermo-marino","10":"tag-matias-rodriguez"},"_links":{"self":[{"href":"http:\/\/www.rincondelbulla.cl\/portal\/wp-json\/wp\/v2\/posts\/2380","targetHints":{"allow":["GET"]}}],"collection":[{"href":"http:\/\/www.rincondelbulla.cl\/portal\/wp-json\/wp\/v2\/posts"}],"about":[{"href":"http:\/\/www.rincondelbulla.cl\/portal\/wp-json\/wp\/v2\/types\/post"}],"author":[{"embeddable":true,"href":"http:\/\/www.rincondelbulla.cl\/portal\/wp-json\/wp\/v2\/users\/1"}],"replies":[{"embeddable":true,"href":"http:\/\/www.rincondelbulla.cl\/portal\/wp-json\/wp\/v2\/comments?post=2380"}],"version-history":[{"count":0,"href":"http:\/\/www.rincondelbulla.cl\/portal\/wp-json\/wp\/v2\/posts\/2380\/revisions"}],"wp:featuredmedia":[{"embeddable":true,"href":"http:\/\/www.rincondelbulla.cl\/portal\/wp-json\/wp\/v2\/media\/4007"}],"wp:attachment":[{"href":"http:\/\/www.rincondelbulla.cl\/portal\/wp-json\/wp\/v2\/media?parent=2380"}],"wp:term":[{"taxonomy":"category","embeddable":true,"href":"http:\/\/www.rincondelbulla.cl\/portal\/wp-json\/wp\/v2\/categories?post=2380"},{"taxonomy":"post_tag","embeddable":true,"href":"http:\/\/www.rincondelbulla.cl\/portal\/wp-json\/wp\/v2\/tags?post=2380"}],"curies":[{"name":"wp","href":"https:\/\/api.w.org\/{rel}","templated":true}]}}