{"id":2381,"date":"2011-04-20T21:24:03","date_gmt":"2011-04-20T21:24:03","guid":{"rendered":"http:\/\/www.rincondelbulla.cl\/portal\/?p=2381"},"modified":"2011-04-20T21:24:03","modified_gmt":"2011-04-20T21:24:03","slug":"la-u-fue-castigada-con-un-partido-a-puertas-cerradas","status":"publish","type":"post","link":"http:\/\/www.rincondelbulla.cl\/portal\/2011\/04\/20\/la-u-fue-castigada-con-un-partido-a-puertas-cerradas\/","title":{"rendered":"La &#8216;U&#8217; fue castigada con un partido a puertas cerradas"},"content":{"rendered":"<figure id=\"attachment_4008\" aria-describedby=\"caption-attachment-4008\" style=\"width: 600px\" class=\"wp-caption alignnone\"><img loading=\"lazy\" decoding=\"async\" class=\" size-full wp-image-4008\" src=\"http:\/\/www.rincondelbulla.cl\/portal\/wp-content\/uploads\/2011\/04\/943ed58edb47158aa08fdf5878cd784e.jpg\" alt=\"Foto: Claudio C\u00e1ceres\" class=\"caption\" title=\"Fuente: Prensafutbol.cl\" width=\"600\" height=\"340\" srcset=\"http:\/\/www.rincondelbulla.cl\/portal\/wp-content\/uploads\/2011\/04\/943ed58edb47158aa08fdf5878cd784e.jpg 600w, http:\/\/www.rincondelbulla.cl\/portal\/wp-content\/uploads\/2011\/04\/943ed58edb47158aa08fdf5878cd784e-300x170.jpg 300w\" sizes=\"auto, (max-width: 600px) 100vw, 600px\" \/><figcaption id=\"caption-attachment-4008\" class=\"wp-caption-text\">Fuente: Prensafutbol.cl<\/figcaption><\/figure>\n<p><strong>El cuadro azul fue sancionado con la local\u00eda por los incidentes en el partido ante Wanderers, con un encuentro en que no podr\u00e1 entrar p\u00fablico. Federico Vald\u00e9s confirm\u00f3 que no apelar\u00e1n por lo que se cumplir\u00e1 ante Palestino y as\u00ed quedar limpios contra Colo Colo.<\/strong>  <!--more-->  Como era de esperarse, Universidad de Chile fue castigada por los incidentes ocurridos en Santa Laura, cuando recibi\u00f3 a Santiago Wanderers hace un par de semanas. El Tribunal de Penalidades de la ANFP notific\u00f3 a los azules que tendr\u00e1n que ser locales a puertas cerradas en su pr\u00f3ximo encuentro como anfitri\u00f3n.<\/p>\n<p>As\u00ed estaba la incertidumbre porque los azules juegan este s\u00e1bado ante Palestino a las 18:00 de local pero tienen cinco d\u00edas para apelar, y en caso de postergar el caso podr\u00edan haber arriesgado el castigo ante Colo Colo, pero Federico Vald\u00e9s descart\u00f3 esta situaci\u00f3n.<\/p>\n<p>\u00abVamos a cumplir la sanci\u00f3n este s\u00e1bado ante Palestino (&#8230;) Informaremos a la brevedad la forma en que se va a devolver el dinero a los hinchas. Hay cerca de 400 entradas vendidas\u00bb, dijo el presidente de Azul Azul.<\/p>\n<p>Mientras que Santiago Wanderers, cuya barra tambi\u00e9n ocasion\u00f3 incidentes en el reducto en el que la &#8216;U&#8217; ejerci\u00f3 de local, fue sancionado s\u00f3lo econ\u00f3micamente y tendr\u00e1 que pagar 250 UF.<\/p>\n<p>Al respecto el mandam\u00e1s de los universitarios se mostr\u00f3 contrario. \u00abMe parece que el castigo debi\u00f3 ser equivalente, sobre todo cuando la barra de Wanderers fue dispuesta a provoca des\u00f3rdenes. No fue primera la vez que lo hacen. En esta oportunidad la sacaron muy barata\u00bb, se quej\u00f3.<\/p>\n","protected":false},"excerpt":{"rendered":"<p>El cuadro azul fue sancionado con la local\u00eda por los incidentes en el partido ante Wanderers, con un encuentro en que no podr\u00e1 entrar p\u00fablico. Federico Vald\u00e9s confirm\u00f3 que no apelar\u00e1n por lo que se cumplir\u00e1 ante Palestino y as\u00ed quedar limpios contra Colo Colo.<\/p>\n","protected":false},"author":1,"featured_media":4008,"comment_status":"open","ping_status":"open","sticky":false,"template":"","format":"standard","meta":{"footnotes":""},"categories":[18],"tags":[48],"class_list":{"0":"post-2381","1":"post","2":"type-post","3":"status-publish","4":"format-standard","5":"has-post-thumbnail","7":"category-actualidad","8":"tag-apertura-2011"},"_links":{"self":[{"href":"http:\/\/www.rincondelbulla.cl\/portal\/wp-json\/wp\/v2\/posts\/2381","targetHints":{"allow":["GET"]}}],"collection":[{"href":"http:\/\/www.rincondelbulla.cl\/portal\/wp-json\/wp\/v2\/posts"}],"about":[{"href":"http:\/\/www.rincondelbulla.cl\/portal\/wp-json\/wp\/v2\/types\/post"}],"author":[{"embeddable":true,"href":"http:\/\/www.rincondelbulla.cl\/portal\/wp-json\/wp\/v2\/users\/1"}],"replies":[{"embeddable":true,"href":"http:\/\/www.rincondelbulla.cl\/portal\/wp-json\/wp\/v2\/comments?post=2381"}],"version-history":[{"count":0,"href":"http:\/\/www.rincondelbulla.cl\/portal\/wp-json\/wp\/v2\/posts\/2381\/revisions"}],"wp:featuredmedia":[{"embeddable":true,"href":"http:\/\/www.rincondelbulla.cl\/portal\/wp-json\/wp\/v2\/media\/4008"}],"wp:attachment":[{"href":"http:\/\/www.rincondelbulla.cl\/portal\/wp-json\/wp\/v2\/media?parent=2381"}],"wp:term":[{"taxonomy":"category","embeddable":true,"href":"http:\/\/www.rincondelbulla.cl\/portal\/wp-json\/wp\/v2\/categories?post=2381"},{"taxonomy":"post_tag","embeddable":true,"href":"http:\/\/www.rincondelbulla.cl\/portal\/wp-json\/wp\/v2\/tags?post=2381"}],"curies":[{"name":"wp","href":"https:\/\/api.w.org\/{rel}","templated":true}]}}