{"id":2397,"date":"2011-04-29T18:24:40","date_gmt":"2011-04-29T18:24:40","guid":{"rendered":"http:\/\/www.rincondelbulla.cl\/portal\/?p=2397"},"modified":"2011-04-29T18:24:40","modified_gmt":"2011-04-29T18:24:40","slug":"transantiago-tendra-nuevos-recorridos-para-el-clasico","status":"publish","type":"post","link":"http:\/\/www.rincondelbulla.cl\/portal\/2011\/04\/29\/transantiago-tendra-nuevos-recorridos-para-el-clasico\/","title":{"rendered":"Transantiago tendr\u00e1 nuevos recorridos para el cl\u00e1sico"},"content":{"rendered":"<figure id=\"attachment_4024\" aria-describedby=\"caption-attachment-4024\" style=\"width: 600px\" class=\"wp-caption alignnone\"><img loading=\"lazy\" decoding=\"async\" class=\" size-full wp-image-4024\" src=\"http:\/\/www.rincondelbulla.cl\/portal\/wp-content\/uploads\/2011\/04\/d534ab70f9253b9cce832791c17b66ff.jpg\" alt=\"Foto: Claudio C\u00e1ceres\" class=\"caption\" title=\"Fuente: Prensafutbol.cl\" width=\"600\" height=\"340\" srcset=\"http:\/\/www.rincondelbulla.cl\/portal\/wp-content\/uploads\/2011\/04\/d534ab70f9253b9cce832791c17b66ff.jpg 600w, http:\/\/www.rincondelbulla.cl\/portal\/wp-content\/uploads\/2011\/04\/d534ab70f9253b9cce832791c17b66ff-300x170.jpg 300w\" sizes=\"auto, (max-width: 600px) 100vw, 600px\" \/><figcaption id=\"caption-attachment-4024\" class=\"wp-caption-text\">Fuente: Prensafutbol.cl<\/figcaption><\/figure>\n<p><strong>El ministro de Transportes, Pedro Pablo Err\u00e1zuriz, anunci\u00f3 un plan especial para los hinchas que asistan al Nacional, ya que contar\u00e1n con 14 recorridos creados especialmente para el Supercl\u00e1sico. Adem\u00e1s, conoce las recomendaciones para asistir al estadio.<\/strong>  <!--more-->  Como una forma de favorecer el traslado de los hinchas desde y hacia el Estadio Nacional, el ministro de Transportes y Telecomunicaciones, Pedro Pablo Err\u00e1zuriz, anunci\u00f3 la creaci\u00f3n de 14 recorridos para los asistentes al Supercl\u00e1sico entre Universidad de Chile y Colo Colo.<\/p>\n<p>Los buses saldr\u00e1n desde distintas comuncas al reducto de \u00d1u\u00f1oa, realizando su servicio entre las 13:00 y 15:30 horas, con lo que se pretende estar preparados para trasladar hasta a 22 mil hinchas.<\/p>\n<p>Mientras que al t\u00e9rmino del encuentro, desde las 17:45 horas, hasta las 18:40 horas los buses del Transantiago estar\u00e1n con sus recorridos a m\u00e1xima capacidad para evacuar hasta a 27 mil forofos. Conoce los recorridos especiales aqu\u00ed.<br \/><strong><br \/>SI VAS AL ESTADIO PON ATENCI\u00d3N A ESTO:<\/strong><\/p>\n<p>&#8211; Las puertas del Estadio Nacional se abren a las 12:00.<br \/>&#8211; No habr\u00e1 venta de entradas el s\u00e1bado.<br \/>&#8211; S\u00f3lo con entrada en mano podr\u00e1n ingresar al per\u00edmetro de seguridad del estadio.<br \/>&#8211; No est\u00e1 permitido ingresar fuegos artificiales, objetos contundentes y lienzos.<\/p>\n<p><strong>INGRESO DE HINCHAS:<\/strong><\/p>\n<p>&#8211; Empadronados de la &#8216;U&#8217;: Por Av. Grecia, Marathon Norte y Pedro de Valdivia en las puertas 14-15. C\u00e9dula de identidad y carnet de empadronamiento en mano.<\/p>\n","protected":false},"excerpt":{"rendered":"<p>El ministro de Transportes, Pedro Pablo Err\u00e1zuriz, anunci\u00f3 un plan especial para los hinchas que asistan al Nacional, ya que contar\u00e1n con 14 recorridos creados especialmente para el Supercl\u00e1sico. Adem\u00e1s, conoce las recomendaciones para asistir al estadio.<\/p>\n","protected":false},"author":1,"featured_media":4024,"comment_status":"open","ping_status":"open","sticky":false,"template":"","format":"standard","meta":{"footnotes":""},"categories":[18],"tags":[48,44],"class_list":{"0":"post-2397","1":"post","2":"type-post","3":"status-publish","4":"format-standard","5":"has-post-thumbnail","7":"category-actualidad","8":"tag-apertura-2011","9":"tag-superclasico"},"_links":{"self":[{"href":"http:\/\/www.rincondelbulla.cl\/portal\/wp-json\/wp\/v2\/posts\/2397","targetHints":{"allow":["GET"]}}],"collection":[{"href":"http:\/\/www.rincondelbulla.cl\/portal\/wp-json\/wp\/v2\/posts"}],"about":[{"href":"http:\/\/www.rincondelbulla.cl\/portal\/wp-json\/wp\/v2\/types\/post"}],"author":[{"embeddable":true,"href":"http:\/\/www.rincondelbulla.cl\/portal\/wp-json\/wp\/v2\/users\/1"}],"replies":[{"embeddable":true,"href":"http:\/\/www.rincondelbulla.cl\/portal\/wp-json\/wp\/v2\/comments?post=2397"}],"version-history":[{"count":0,"href":"http:\/\/www.rincondelbulla.cl\/portal\/wp-json\/wp\/v2\/posts\/2397\/revisions"}],"wp:featuredmedia":[{"embeddable":true,"href":"http:\/\/www.rincondelbulla.cl\/portal\/wp-json\/wp\/v2\/media\/4024"}],"wp:attachment":[{"href":"http:\/\/www.rincondelbulla.cl\/portal\/wp-json\/wp\/v2\/media?parent=2397"}],"wp:term":[{"taxonomy":"category","embeddable":true,"href":"http:\/\/www.rincondelbulla.cl\/portal\/wp-json\/wp\/v2\/categories?post=2397"},{"taxonomy":"post_tag","embeddable":true,"href":"http:\/\/www.rincondelbulla.cl\/portal\/wp-json\/wp\/v2\/tags?post=2397"}],"curies":[{"name":"wp","href":"https:\/\/api.w.org\/{rel}","templated":true}]}}