{"id":2428,"date":"2011-05-16T22:40:11","date_gmt":"2011-05-16T22:40:11","guid":{"rendered":"http:\/\/www.rincondelbulla.cl\/portal\/?p=2428"},"modified":"2011-05-16T22:40:11","modified_gmt":"2011-05-16T22:40:11","slug":"dispar-jornada-de-los-azules-por-el-mundo","status":"publish","type":"post","link":"http:\/\/www.rincondelbulla.cl\/portal\/2011\/05\/16\/dispar-jornada-de-los-azules-por-el-mundo\/","title":{"rendered":"Dispar jornada de los azules por el mundo"},"content":{"rendered":"<figure id=\"attachment_4055\" aria-describedby=\"caption-attachment-4055\" style=\"width: 600px\" class=\"wp-caption alignnone\"><img loading=\"lazy\" decoding=\"async\" class=\" size-full wp-image-4055\" src=\"http:\/\/www.rincondelbulla.cl\/portal\/wp-content\/uploads\/2011\/05\/b01c1f969bdfc5ba1ed167a059a1282f.jpg\" alt=\"Foto: AP\" class=\"caption\" title=\"Pinilla, genio y figura en Palermo\" width=\"600\" height=\"340\" srcset=\"http:\/\/www.rincondelbulla.cl\/portal\/wp-content\/uploads\/2011\/05\/b01c1f969bdfc5ba1ed167a059a1282f.jpg 600w, http:\/\/www.rincondelbulla.cl\/portal\/wp-content\/uploads\/2011\/05\/b01c1f969bdfc5ba1ed167a059a1282f-300x170.jpg 300w\" sizes=\"auto, (max-width: 600px) 100vw, 600px\" \/><figcaption id=\"caption-attachment-4055\" class=\"wp-caption-text\">Pinilla, genio y figura en Palermo<\/figcaption><\/figure>\n<p class=\"MsoNormal\" style=\"text-align: justify; margin: 0cm 0cm 0pt;\"><strong style=\"mso-bidi-font-weight: normal;\"><span style=\"font-family: Arial;\"><span style=\"font-size: small;\"><span style=\"color: #000000;\">Una dispar jornada vivieron los azules por el mundo, mientras unos son figura en sus respectivos equipos, otros mordieron el polvo de la derrota, cuando la mayor\u00eda de las ligas del mundo llegan a su recta final. Rinc\u00f3n del Bulla te entrega toda la informaci\u00f3n de la semana.<\/span><\/span><\/span><\/strong><\/p>\n<p class=\"MsoNormal\" style=\"text-align: justify; margin: 0cm 0cm 0pt;\"><span style=\"font-family: Arial; mso-ansi-language: ES;\" lang=\"ES\"><span style=\"color: #000000; font-size: small;\">\u00a0   <!--more-->  <span style=\"font-family: Arial; mso-ansi-language: ES;\" lang=\"ES\"><span style=\"color: #000000; font-size: small;\"> <\/p>\n<p class=\"MsoNormal\" style=\"text-align: justify; margin: 0cm 0cm 0pt;\">\u00a0<\/p>\n<p> <\/span><\/span><\/span><\/span><\/p>\n<p class=\"MsoNormal\" style=\"text-align: justify; margin: 0cm 0cm 0pt;\">\u00a0<span style=\"font-size: small;\"><span style=\"color: #000000;\"><strong style=\"mso-bidi-font-weight: normal;\"><span style=\"font-family: Arial; mso-ansi-language: ES;\" lang=\"ES\">Hugo Droguett y Waldo Ponce:<\/span><\/strong><span style=\"font-family: Arial; mso-ansi-language: ES;\" lang=\"ES\"> los jugadores del Cruz Azul mexicano desaprovecharon el 2-0 de ventaja que ten\u00edan frente al Morelia y cay\u00f3 por 3.0 como visitantes en partido v\u00e1lido por la semifinal del torneo Azteca. Ponce jug\u00f3 los 90\u2019 y fue un gran aporte para su equipo, Droguett se recupera de una lesi\u00f3n.<\/span><\/span><\/span><\/p>\n<p class=\"MsoNormal\" style=\"text-align: justify; margin: 0cm 0cm 0pt;\"><span style=\"font-family: Arial; mso-ansi-language: ES;\" lang=\"ES\"><span style=\"color: #000000; font-size: small;\">\u00a0<\/span><\/span><\/p>\n<p class=\"MsoNormal\" style=\"text-align: justify; margin: 0cm 0cm 0pt;\"><span style=\"font-size: small;\"><span style=\"color: #000000;\"><strong style=\"mso-bidi-font-weight: normal;\"><span style=\"font-family: Arial; mso-ansi-language: ES;\" lang=\"ES\">Emilio Hern\u00e1ndez:<\/span><\/strong><span style=\"font-family: Arial; mso-ansi-language: ES;\" lang=\"ES\"> el \u201cChoro\u201d simplemente anot\u00f3 un golazo en el gran triunfo de su equipo, Argentinos Juniors, frente a San Lorenzo como visitantes. Emilio se sac\u00f3 al portero y defini\u00f3 con un remate cruzado, casi sin \u00e1ngulo y con pierna cambiada.<\/span><\/span><\/span><\/p>\n<p class=\"MsoNormal\" style=\"text-align: justify; margin: 0cm 0cm 0pt;\"><span style=\"font-family: Arial; mso-ansi-language: ES;\" lang=\"ES\"><span style=\"color: #000000; font-size: small;\">\u00a0<\/span><\/span><\/p>\n<p class=\"MsoNormal\" style=\"text-align: justify; margin: 0cm 0cm 0pt;\"><span style=\"font-size: small;\"><span style=\"color: #000000;\"><strong style=\"mso-bidi-font-weight: normal;\"><span style=\"font-family: Arial; mso-ansi-language: ES;\" lang=\"ES\">Manuel Iturra:<\/span><\/strong><span style=\"font-family: Arial; mso-ansi-language: ES;\" lang=\"ES\"> \u201cColocho\u201d ingres\u00f3 a los 61\u2019 en el gran empate de su equipo ante el Benfica por 3-3 como visitantes. Los de Iturra llegaron a estar 3-1 abajo, sin embargo el ingres\u00f3 del chileno le dio equilibrio al mediocampo de su escuadra y terminaron empatando 3-3. Buena jornada para Iturra.<\/span><\/span><\/span><\/p>\n<p class=\"MsoNormal\" style=\"text-align: justify; margin: 0cm 0cm 0pt;\"><span style=\"font-family: Arial; mso-ansi-language: ES;\" lang=\"ES\"><span style=\"color: #000000; font-size: small;\">\u00a0<\/span><\/span><\/p>\n<p class=\"MsoNormal\" style=\"text-align: justify; margin: 0cm 0cm 0pt;\"><span style=\"font-size: small;\"><span style=\"color: #000000;\"><strong style=\"mso-bidi-font-weight: normal;\"><span style=\"font-family: Arial; mso-ansi-language: ES;\" lang=\"ES\">Pedro Morales:<\/span><\/strong><span style=\"font-family: Arial; mso-ansi-language: ES;\" lang=\"ES\"> 63 minutos jug\u00f3 Pedro Morales en su escuadra, el D\u00ednamo de Zagreb en el empate sin goles ante el NK Zadar en la pen\u00faltima fecha de la liga croata. \u201cPokem\u00f3n\u201d tuvo una correcta actuaci\u00f3n, sin embargo el cero no se rompi\u00f3.<\/span><strong><\/strong><\/span><\/span><\/p>\n<p class=\"MsoNormal\" style=\"text-align: justify; margin: 0cm 0cm 0pt;\"><strong><span style=\"font-family: Arial; font-weight: normal; mso-bidi-font-weight: bold;\"><span style=\"color: #000000; font-size: small;\">\u00a0<\/span><\/span><\/strong><\/p>\n<p class=\"MsoNormal\" style=\"text-align: justify; margin: 0cm 0cm 0pt;\"><strong><span style=\"font-family: Arial; font-weight: normal; mso-bidi-font-weight: bold;\"><\/span><\/strong><span style=\"font-size: small;\"><span style=\"color: #000000;\"><strong><span style=\"font-family: Arial;\">Marco Estrada:<\/span><\/strong><strong><span style=\"font-family: Arial; font-weight: normal; mso-bidi-font-weight: bold;\"> el Montpellier de Francia, venci\u00f3 por 3-1 al Lorient como local en la liga de Francia. El \u201cCa\u00f1onero\u201d anot\u00f3 el 2-1 a los 52\u2019 con un furioso remate desde fuera del \u00e1rea. Buena tarde para el ex volante azul.<\/span><\/strong><\/span><\/span><\/p>\n<p style=\"text-align: justify;\"><span style=\"font-size: small;\"><span style=\"color: #000000;\"><strong style=\"mso-bidi-font-weight: normal;\"><span style=\"font-family: Arial;\">Mauricio Pinilla: <\/span><\/strong><span style=\"font-family: Arial;\">Mauricio Pinilla volvi\u00f3 a brillar en su equipo, el Palermo italiano, \u201cPinigol\u201d fue el h\u00e9roe de los <em style=\"mso-bidi-font-style: normal;\">rosaneros. <\/em>Ingres\u00f3 a los 55\u2019 y anot\u00f3 el tanto del triunfo en el final. A los 85\u2019 recibi\u00f3 de Hern\u00e1ndez y defini\u00f3 frente al portero, d\u00e1ndole 3 puntos m\u00e1s a su equipo con los que suman 56 en la Serie A italiana.<strong style=\"mso-bidi-font-weight: normal;\"><\/strong><\/span><\/span><\/span><\/p>\n","protected":false},"excerpt":{"rendered":"<p>Una dispar jornada vivieron los azules por el mundo, mientras unos son figura en sus respectivos equipos, otros mordieron el polvo de la derrota, cuando la mayor\u00eda de las ligas del mundo llegan a su recta final. Rinc\u00f3n del Bulla te entrega toda la informaci\u00f3n de la semana. \u00a0<\/p>\n","protected":false},"author":57,"featured_media":4055,"comment_status":"open","ping_status":"open","sticky":false,"template":"","format":"standard","meta":{"footnotes":""},"categories":[18],"tags":[],"class_list":{"0":"post-2428","1":"post","2":"type-post","3":"status-publish","4":"format-standard","5":"has-post-thumbnail","7":"category-actualidad"},"_links":{"self":[{"href":"http:\/\/www.rincondelbulla.cl\/portal\/wp-json\/wp\/v2\/posts\/2428","targetHints":{"allow":["GET"]}}],"collection":[{"href":"http:\/\/www.rincondelbulla.cl\/portal\/wp-json\/wp\/v2\/posts"}],"about":[{"href":"http:\/\/www.rincondelbulla.cl\/portal\/wp-json\/wp\/v2\/types\/post"}],"author":[{"embeddable":true,"href":"http:\/\/www.rincondelbulla.cl\/portal\/wp-json\/wp\/v2\/users\/57"}],"replies":[{"embeddable":true,"href":"http:\/\/www.rincondelbulla.cl\/portal\/wp-json\/wp\/v2\/comments?post=2428"}],"version-history":[{"count":0,"href":"http:\/\/www.rincondelbulla.cl\/portal\/wp-json\/wp\/v2\/posts\/2428\/revisions"}],"wp:featuredmedia":[{"embeddable":true,"href":"http:\/\/www.rincondelbulla.cl\/portal\/wp-json\/wp\/v2\/media\/4055"}],"wp:attachment":[{"href":"http:\/\/www.rincondelbulla.cl\/portal\/wp-json\/wp\/v2\/media?parent=2428"}],"wp:term":[{"taxonomy":"category","embeddable":true,"href":"http:\/\/www.rincondelbulla.cl\/portal\/wp-json\/wp\/v2\/categories?post=2428"},{"taxonomy":"post_tag","embeddable":true,"href":"http:\/\/www.rincondelbulla.cl\/portal\/wp-json\/wp\/v2\/tags?post=2428"}],"curies":[{"name":"wp","href":"https:\/\/api.w.org\/{rel}","templated":true}]}}