{"id":2429,"date":"2011-05-17T14:14:05","date_gmt":"2011-05-17T14:14:05","guid":{"rendered":"http:\/\/www.rincondelbulla.cl\/portal\/?p=2429"},"modified":"2011-05-17T14:14:05","modified_gmt":"2011-05-17T14:14:05","slug":"jose-rojas-empieza-a-decir-adios-estoy-mas-afuera-que-adentro","status":"publish","type":"post","link":"http:\/\/www.rincondelbulla.cl\/portal\/2011\/05\/17\/jose-rojas-empieza-a-decir-adios-estoy-mas-afuera-que-adentro\/","title":{"rendered":"Jos\u00e9 Rojas empieza a decir adi\u00f3s: \u00abEstoy m\u00e1s afuera que adentro\u00bb"},"content":{"rendered":"<figure id=\"attachment_4056\" aria-describedby=\"caption-attachment-4056\" style=\"width: 600px\" class=\"wp-caption alignnone\"><img loading=\"lazy\" decoding=\"async\" class=\" size-full wp-image-4056\" src=\"http:\/\/www.rincondelbulla.cl\/portal\/wp-content\/uploads\/2011\/05\/ef5a1e9409d1f4c3a747bfe56a864be4.jpg\" alt=\"Foto: Claudio C\u00e1ceres\" class=\"caption\" title=\"Fuente: Prensafutbol.cl\" width=\"600\" height=\"340\" srcset=\"http:\/\/www.rincondelbulla.cl\/portal\/wp-content\/uploads\/2011\/05\/ef5a1e9409d1f4c3a747bfe56a864be4.jpg 600w, http:\/\/www.rincondelbulla.cl\/portal\/wp-content\/uploads\/2011\/05\/ef5a1e9409d1f4c3a747bfe56a864be4-300x170.jpg 300w\" sizes=\"auto, (max-width: 600px) 100vw, 600px\" \/><figcaption id=\"caption-attachment-4056\" class=\"wp-caption-text\">Fuente: Prensafutbol.cl<\/figcaption><\/figure>\n<p><strong>El capit\u00e1n de los azules confirm\u00f3 que est\u00e1 lejos en las negociaciones con los dirigentes para renovar el pr\u00f3ximo mes, y aclar\u00f3 que ya maneja otras opciones. Adem\u00e1s los universtarios jugaron un amistoso ante Palestino en el CDA donde empataron 3-3.<\/strong>  <!--more-->  En la ma\u00f1ana Jos\u00e9 Rojas hab\u00eda confesado su inc\u00f3moda realidad en Universidad de Chile, y luego tras la pr\u00e1ctica de los azules, donde jugaron un amistoso ante Palestino en el CDA, el capit\u00e1n azul ratific\u00f3 que est\u00e1 lejos de renovar con el club.<\/p>\n<p>\u00abLo vuelvo a reiterar, hoy me siento m\u00e1s fuera de la &#8216;U&#8217; que dentro\u00bb, comenz\u00f3 diciendo el capit\u00e1n de los universitarios, esbozando una cr\u00edtica hacia Azul Azul por los problemas que ha tenido para extender su v\u00ednculo que finaliza el pr\u00f3ximo mes.<\/p>\n<p>\u00abPuede ser algo mundial, pero siempre al jugador de casa se le cuestiona m\u00e1s o se le ponen m\u00e1s trabas (&#8230;) He hecho un buen campeonato y el equipo ha sido muy regular. Creo que lo he hecho muy bien\u00bb, explic\u00f3 el defensa zurdo.<\/p>\n<p>Consultado sobre opciones que tiene de partir, incluso un supuesto inter\u00e9s de Colo Colo, Rojas aclar\u00f3 que \u00abuno no sabe las vueltas del f\u00fatbol, nunca se sabe donde puede terminar. Pero por respeto no me voy a referir a eso, pero s\u00ed manejo otras ofertas, pero mientras est\u00e9 ac\u00e1 me debo a la &#8216;U'\u00bb.<\/p>\n<p>En el terreno futbol\u00edstico, y los problemas que ha tenido el equipo en defensa, Rojas se refiri\u00f3 a los constantes cambios de l\u00ednea de tres a l\u00ednea de cuatro, y modificaciones tambi\u00e9n en los nombres. \u00abNo s\u00e9 si ser\u00e1 lo m\u00e1s \u00f3ptimo, pero el t\u00e9cnico es que el que manda (&#8230;) Jorge (Sampaoli) juega muchas veces por c\u00f3mo el rival presenta el partido y por eso se hacen cambios\u00bb.<br \/><strong><br \/>EMPATE DEL EQUIPO ALTERNATIVO<\/strong><\/p>\n<p>Un entretenido duelo amistoso jug\u00f3 la &#8216;U&#8217; este martes en el Centro Deportivo Azul ante Palestino, donde igualaron 3-3, con un elenco alternativo que dispuso Jorge Sampaoli.<\/p>\n<p>Destacaron las presencias de Diego Rivarola, Mat\u00edas P\u00e9rez Garc\u00eda, Jos\u00e9 Contreras y Francisco Castro, entre otros, y de hecho los \u00faltimos tres marcaron para los &#8216;laicos&#8217;, que hab\u00edan comenzado perdiendo 3-0.<\/p>\n<p>Adem\u00e1s en las pr\u00f3ximas horas se ver\u00e1 un posible cambio de fecha del encuentro ante Audax Italiano, programado para el s\u00e1bado a las 18:00 en el Estadio Nacional debido a que ese d\u00eda es el 21 de mayo por lo que se dificultar\u00e1 la presencia de contingente policial.<\/p>\n","protected":false},"excerpt":{"rendered":"<p>El capit\u00e1n de los azules confirm\u00f3 que est\u00e1 lejos en las negociaciones con los dirigentes para renovar el pr\u00f3ximo mes, y aclar\u00f3 que ya maneja otras opciones. Adem\u00e1s los universtarios jugaron un amistoso ante Palestino en el CDA donde empataron 3-3.<\/p>\n","protected":false},"author":1,"featured_media":4056,"comment_status":"open","ping_status":"open","sticky":false,"template":"","format":"standard","meta":{"footnotes":""},"categories":[18],"tags":[48,51],"class_list":{"0":"post-2429","1":"post","2":"type-post","3":"status-publish","4":"format-standard","5":"has-post-thumbnail","7":"category-actualidad","8":"tag-apertura-2011","9":"tag-jose-rojas"},"_links":{"self":[{"href":"http:\/\/www.rincondelbulla.cl\/portal\/wp-json\/wp\/v2\/posts\/2429","targetHints":{"allow":["GET"]}}],"collection":[{"href":"http:\/\/www.rincondelbulla.cl\/portal\/wp-json\/wp\/v2\/posts"}],"about":[{"href":"http:\/\/www.rincondelbulla.cl\/portal\/wp-json\/wp\/v2\/types\/post"}],"author":[{"embeddable":true,"href":"http:\/\/www.rincondelbulla.cl\/portal\/wp-json\/wp\/v2\/users\/1"}],"replies":[{"embeddable":true,"href":"http:\/\/www.rincondelbulla.cl\/portal\/wp-json\/wp\/v2\/comments?post=2429"}],"version-history":[{"count":0,"href":"http:\/\/www.rincondelbulla.cl\/portal\/wp-json\/wp\/v2\/posts\/2429\/revisions"}],"wp:featuredmedia":[{"embeddable":true,"href":"http:\/\/www.rincondelbulla.cl\/portal\/wp-json\/wp\/v2\/media\/4056"}],"wp:attachment":[{"href":"http:\/\/www.rincondelbulla.cl\/portal\/wp-json\/wp\/v2\/media?parent=2429"}],"wp:term":[{"taxonomy":"category","embeddable":true,"href":"http:\/\/www.rincondelbulla.cl\/portal\/wp-json\/wp\/v2\/categories?post=2429"},{"taxonomy":"post_tag","embeddable":true,"href":"http:\/\/www.rincondelbulla.cl\/portal\/wp-json\/wp\/v2\/tags?post=2429"}],"curies":[{"name":"wp","href":"https:\/\/api.w.org\/{rel}","templated":true}]}}