{"id":2481,"date":"2011-06-24T22:19:58","date_gmt":"2011-06-24T22:19:58","guid":{"rendered":"http:\/\/www.rincondelbulla.cl\/portal\/?p=2481"},"modified":"2011-06-24T22:19:58","modified_gmt":"2011-06-24T22:19:58","slug":"sampaoli-la-obligacion-tras-ser-campeon-es-aun-mayor","status":"publish","type":"post","link":"http:\/\/www.rincondelbulla.cl\/portal\/2011\/06\/24\/sampaoli-la-obligacion-tras-ser-campeon-es-aun-mayor\/","title":{"rendered":"Sampaoli: \u00abLa obligaci\u00f3n tras ser campe\u00f3n es a\u00fan mayor\u00bb"},"content":{"rendered":"<figure id=\"attachment_4103\" aria-describedby=\"caption-attachment-4103\" style=\"width: 600px\" class=\"wp-caption alignnone\"><img loading=\"lazy\" decoding=\"async\" class=\" size-full wp-image-4103\" src=\"http:\/\/www.rincondelbulla.cl\/portal\/wp-content\/uploads\/2011\/06\/2fc863fc8d940a5d8d41465cb8e0596c.jpg\" alt=\"Foto: Claudio C\u00e1ceres\" class=\"caption\" title=\"Fuente: Prensafutbol.cl\" width=\"600\" height=\"340\" srcset=\"http:\/\/www.rincondelbulla.cl\/portal\/wp-content\/uploads\/2011\/06\/2fc863fc8d940a5d8d41465cb8e0596c.jpg 600w, http:\/\/www.rincondelbulla.cl\/portal\/wp-content\/uploads\/2011\/06\/2fc863fc8d940a5d8d41465cb8e0596c-300x170.jpg 300w\" sizes=\"auto, (max-width: 600px) 100vw, 600px\" \/><figcaption id=\"caption-attachment-4103\" class=\"wp-caption-text\">Fuente: Prensafutbol.cl<\/figcaption><\/figure>\n<p><strong>El t\u00e9cnico de la &#8216;U&#8217; coment\u00f3 los desaf\u00edos de su elenco para el segundo semestre, donde asegur\u00f3 que la idea es consolidar una base pensando en la Copa Libertadores 2012. Adem\u00e1s confirm\u00f3 que sigue en busca de un puntero izquierdo y de un volante por derecha.<\/strong><\/p>\n<p>  <!--more-->  <\/p>\n<p>Luego de las mini vacaciones tras ser campe\u00f3n del Apertura, Jorge Sampaoli ya est\u00e1 de lleno trabajando para el segundo semestre, donde Universidad de Chile no s\u00f3lo enfrentar\u00e1 el Clasusura sino que tiene en mente participar en la Copa Sudamericana.<\/p>\n<p>El propio t\u00e9cnico argentino dej\u00f3 en claro que a pesar de sacarse un peso de encima por ganar el t\u00edtulo hace dos semanas, no se pueden permitir un relajo. \u00abLa obligaci\u00f3n despu\u00e9s de ganar un titulo es a\u00fan mayor por mantenerse. Por lo general viene un cierto relajamiento, pero si no volvemos a ser el equipo que mantenga la concentraci\u00f3n seguramente vamos a caer\u00bb, alert\u00f3.<\/p>\n<p>As\u00ed el estratega &#8216;laico&#8217; asegur\u00f3 que el gran objetivo desde ahora comienza a apuntar a la Copa Libertadores 2012. \u00abHay que mantener una base s\u00f3lida que permita pelear la Libertadores el a\u00f1o que viene. La idea es enfrentar as\u00ed los objetivos cercanos pensando en armar un equipo que evolucione en el tiempo y que tenga pocas variaciones para el otro a\u00f1o. Es un objetivo lejano pero trascendente\u00bb.<\/p>\n<p>En cuanto al plantel que tiene, el trasandino se mostr\u00f3 conforme aunque confirm\u00f3 que sigue en busca de un puntero izquierdo para reemplazar a Edson Puch y de un volante por derecha.<\/p>\n<p>\u00abEstamos buscando un reemplazo de Puch porque necesitamos un jugador con caracter\u00edsticas similares por izquierda (&#8230;) Lo que estamos viendo es la chance de un volante por derecha porque la posici\u00f3n de contenci\u00f3n con D\u00edaz y Ar\u00e1nquiz est\u00e1 bien, entonces debemos buscar alternativas por el costado\u00bb.<\/p>\n<p>Pero el primer apret\u00f3n de los azules ser\u00e1 el lunes por Copa Chile ante San Felipe y el estratega aclar\u00f3 que s\u00f3lo pondr\u00e1 a los que est\u00e1n un poco mejor preparados f\u00edsicamente. \u00abPlanificar un partido con tan poco tiempo, con jugadores que vienen sin hacer nada, es dif\u00edcil. Trataremos de poner al equipo que tenga la capacidad f\u00edsica de estar a la altura. La mayor\u00eda que jug\u00f3 la final est\u00e1n desentrenados para eso\u00bb, detall\u00f3.<\/p>\n<p>\u00a0<\/p>\n","protected":false},"excerpt":{"rendered":"<p>El t\u00e9cnico de la &#8216;U&#8217; coment\u00f3 los desaf\u00edos de su elenco para el segundo semestre, donde asegur\u00f3 que la idea es consolidar una base pensando en la Copa Libertadores 2012. Adem\u00e1s confirm\u00f3 que sigue en busca de un puntero izquierdo y de un volante por derecha.<\/p>\n","protected":false},"author":1,"featured_media":4103,"comment_status":"open","ping_status":"open","sticky":false,"template":"","format":"standard","meta":{"footnotes":""},"categories":[18],"tags":[40],"class_list":{"0":"post-2481","1":"post","2":"type-post","3":"status-publish","4":"format-standard","5":"has-post-thumbnail","7":"category-actualidad","8":"tag-jorge-sampaoli"},"_links":{"self":[{"href":"http:\/\/www.rincondelbulla.cl\/portal\/wp-json\/wp\/v2\/posts\/2481","targetHints":{"allow":["GET"]}}],"collection":[{"href":"http:\/\/www.rincondelbulla.cl\/portal\/wp-json\/wp\/v2\/posts"}],"about":[{"href":"http:\/\/www.rincondelbulla.cl\/portal\/wp-json\/wp\/v2\/types\/post"}],"author":[{"embeddable":true,"href":"http:\/\/www.rincondelbulla.cl\/portal\/wp-json\/wp\/v2\/users\/1"}],"replies":[{"embeddable":true,"href":"http:\/\/www.rincondelbulla.cl\/portal\/wp-json\/wp\/v2\/comments?post=2481"}],"version-history":[{"count":0,"href":"http:\/\/www.rincondelbulla.cl\/portal\/wp-json\/wp\/v2\/posts\/2481\/revisions"}],"wp:featuredmedia":[{"embeddable":true,"href":"http:\/\/www.rincondelbulla.cl\/portal\/wp-json\/wp\/v2\/media\/4103"}],"wp:attachment":[{"href":"http:\/\/www.rincondelbulla.cl\/portal\/wp-json\/wp\/v2\/media?parent=2481"}],"wp:term":[{"taxonomy":"category","embeddable":true,"href":"http:\/\/www.rincondelbulla.cl\/portal\/wp-json\/wp\/v2\/categories?post=2481"},{"taxonomy":"post_tag","embeddable":true,"href":"http:\/\/www.rincondelbulla.cl\/portal\/wp-json\/wp\/v2\/tags?post=2481"}],"curies":[{"name":"wp","href":"https:\/\/api.w.org\/{rel}","templated":true}]}}