{"id":2501,"date":"2011-07-25T20:33:05","date_gmt":"2011-07-25T20:33:05","guid":{"rendered":"http:\/\/www.rincondelbulla.cl\/portal\/?p=2501"},"modified":"2011-07-25T20:33:05","modified_gmt":"2011-07-25T20:33:05","slug":"gonzalez-quiero-volver-a-ser-campeon-con-la-u","status":"publish","type":"post","link":"http:\/\/www.rincondelbulla.cl\/portal\/2011\/07\/25\/gonzalez-quiero-volver-a-ser-campeon-con-la-u\/","title":{"rendered":"Gonz\u00e1lez: \u00abQuiero volver a ser campe\u00f3n con la &#8216;U'\u00bb"},"content":{"rendered":"<figure id=\"attachment_4123\" aria-describedby=\"caption-attachment-4123\" style=\"width: 600px\" class=\"wp-caption alignnone\"><img loading=\"lazy\" decoding=\"async\" class=\" size-full wp-image-4123\" src=\"http:\/\/www.rincondelbulla.cl\/portal\/wp-content\/uploads\/2011\/07\/9656fa3efc512cc7d1146776c8ea9f23.jpg\" alt=\"Foto: Terra\" class=\"caption\" title=\"Fuente: Prensafutbol.cl\" width=\"600\" height=\"340\" srcset=\"http:\/\/www.rincondelbulla.cl\/portal\/wp-content\/uploads\/2011\/07\/9656fa3efc512cc7d1146776c8ea9f23.jpg 600w, http:\/\/www.rincondelbulla.cl\/portal\/wp-content\/uploads\/2011\/07\/9656fa3efc512cc7d1146776c8ea9f23-300x170.jpg 300w\" sizes=\"auto, (max-width: 600px) 100vw, 600px\" \/><figcaption id=\"caption-attachment-4123\" class=\"wp-caption-text\">Fuente: Prensafutbol.cl<\/figcaption><\/figure>\n<p><strong>Fue presentado en U. de Chile el ex defensor del Toluca, quien regres\u00f3 al elenco azul tras un a\u00f1o y medio en el f\u00fatbol mexicano. Junto a &#8216;Rocky&#8217; tambi\u00e9n se oficializ\u00f3 la llegada del ex Colo Colo, Paulo Magalhaes, quien espera que la &#8216;U&#8217; sea su trampol\u00edn para volver a la &#8216;Roja&#8217;.<\/strong>  <!--more-->  Poco m\u00e1s de un a\u00f1o debi\u00f3 pasar para que Osvaldo Gonz\u00e1lez volviera a calzarse la camiseta de Universidad de Chile. &#8216;Rocky&#8217; hoy fue presentado como nuevo refuerzo para el Clausura, instancia en la que tambi\u00e9n se oficializ\u00f3 el fichajes de Paulo Magalhaes y los ascensos al primer equipo de Nicol\u00e1s Maturana y Sebasti\u00e1n Leyton.<\/p>\n<p>El ex defensor de Universidad de Concepci\u00f3n comienza a vivir su segundo per\u00edodo con la camiseta azul, cuadro que dej\u00f3 en enero de 2010 para enrolarse en el Toluca mexicano. Por eso, el zaguero se mostr\u00f3 ilusionado con la opci\u00f3n de repertir el t\u00edtulo conseguido en el Apertura 2009.<\/p>\n<p>\u00abLa verdad es que se demor\u00f3 un poco la negociaci\u00f3n con Toluca, pero al final estoy feliz de volver a casa y con ganas de ser campe\u00f3n nuevamente\u00bb, expres\u00f3 el jugador que ahora vestir\u00e1 la camiseta &#8216;4&#8217; en el campe\u00f3n chileno.<\/p>\n<p>El ex seleccionado chileno tambi\u00e9n se mostr\u00f3 sorprendido con el crecimiento institucional de la &#8216;U&#8217; en el \u00faltimo tiempo: \u00abEs impresionante lo del CDA -centro de entrenamiento-, ni siquiera en M\u00e9xico vi algo as\u00ed antes\u00bb, sentenci\u00f3 Osvaldo Gonz\u00e1lez.<\/p>\n<p>Mientras que Paulo Magalhaes manifest\u00f3 sus ganas de volver a la &#8216;Roja&#8217;, objetivo para el cual considera fundamental el poder cumplir una buena campa\u00f1a con los azules y encontrar la regularidad en la oncena de Jorge Sampaoli.<\/p>\n<p>\u00abLa gente de la &#8216;U&#8217; me recibi\u00f3 muy bien. A los hinchas les dije que dar\u00eda todo por esta camiseta y as\u00ed volver a ser el jugador que lleg\u00f3 a la selecci\u00f3n chilena\u00bb, concluy\u00f3 el ex lateral de Colo Colo.<\/p>\n","protected":false},"excerpt":{"rendered":"<p>Fue presentado en U. de Chile el ex defensor del Toluca, quien regres\u00f3 al elenco azul tras un a\u00f1o y medio en el f\u00fatbol mexicano. Junto a &#8216;Rocky&#8217; tambi\u00e9n se oficializ\u00f3 la llegada del ex Colo Colo, Paulo Magalhaes, quien espera que la &#8216;U&#8217; sea su trampol\u00edn para volver a la &#8216;Roja&#8217;.<\/p>\n","protected":false},"author":1,"featured_media":4123,"comment_status":"open","ping_status":"open","sticky":false,"template":"","format":"standard","meta":{"footnotes":""},"categories":[18],"tags":[],"class_list":{"0":"post-2501","1":"post","2":"type-post","3":"status-publish","4":"format-standard","5":"has-post-thumbnail","7":"category-actualidad"},"_links":{"self":[{"href":"http:\/\/www.rincondelbulla.cl\/portal\/wp-json\/wp\/v2\/posts\/2501","targetHints":{"allow":["GET"]}}],"collection":[{"href":"http:\/\/www.rincondelbulla.cl\/portal\/wp-json\/wp\/v2\/posts"}],"about":[{"href":"http:\/\/www.rincondelbulla.cl\/portal\/wp-json\/wp\/v2\/types\/post"}],"author":[{"embeddable":true,"href":"http:\/\/www.rincondelbulla.cl\/portal\/wp-json\/wp\/v2\/users\/1"}],"replies":[{"embeddable":true,"href":"http:\/\/www.rincondelbulla.cl\/portal\/wp-json\/wp\/v2\/comments?post=2501"}],"version-history":[{"count":0,"href":"http:\/\/www.rincondelbulla.cl\/portal\/wp-json\/wp\/v2\/posts\/2501\/revisions"}],"wp:featuredmedia":[{"embeddable":true,"href":"http:\/\/www.rincondelbulla.cl\/portal\/wp-json\/wp\/v2\/media\/4123"}],"wp:attachment":[{"href":"http:\/\/www.rincondelbulla.cl\/portal\/wp-json\/wp\/v2\/media?parent=2501"}],"wp:term":[{"taxonomy":"category","embeddable":true,"href":"http:\/\/www.rincondelbulla.cl\/portal\/wp-json\/wp\/v2\/categories?post=2501"},{"taxonomy":"post_tag","embeddable":true,"href":"http:\/\/www.rincondelbulla.cl\/portal\/wp-json\/wp\/v2\/tags?post=2501"}],"curies":[{"name":"wp","href":"https:\/\/api.w.org\/{rel}","templated":true}]}}