{"id":2502,"date":"2011-07-26T16:40:51","date_gmt":"2011-07-26T16:40:51","guid":{"rendered":"http:\/\/www.rincondelbulla.cl\/portal\/?p=2502"},"modified":"2011-07-26T16:40:51","modified_gmt":"2011-07-26T16:40:51","slug":"equipo-viajo-rumbo-a-concepcion-para-jugar-la-presudamericana","status":"publish","type":"post","link":"http:\/\/www.rincondelbulla.cl\/portal\/2011\/07\/26\/equipo-viajo-rumbo-a-concepcion-para-jugar-la-presudamericana\/","title":{"rendered":"Equipo viaj\u00f3 rumbo a Concepci\u00f3n para jugar la presudamericana"},"content":{"rendered":"<figure id=\"attachment_4124\" aria-describedby=\"caption-attachment-4124\" style=\"width: 600px\" class=\"wp-caption alignnone\"><img loading=\"lazy\" decoding=\"async\" class=\" size-full wp-image-4124\" src=\"http:\/\/www.rincondelbulla.cl\/portal\/wp-content\/uploads\/2011\/07\/295172a46e67c0b91ccb4cc4b70def39.jpg\" alt=\"Foto: Patricio Gonz\u00e1lez\" class=\"caption\" title=\"Fuente: Udechile.cl\" width=\"600\" height=\"340\" srcset=\"http:\/\/www.rincondelbulla.cl\/portal\/wp-content\/uploads\/2011\/07\/295172a46e67c0b91ccb4cc4b70def39.jpg 600w, http:\/\/www.rincondelbulla.cl\/portal\/wp-content\/uploads\/2011\/07\/295172a46e67c0b91ccb4cc4b70def39-300x170.jpg 300w\" sizes=\"auto, (max-width: 600px) 100vw, 600px\" \/><figcaption id=\"caption-attachment-4124\" class=\"wp-caption-text\">Fuente: Udechile.cl<\/figcaption><\/figure>\n<p><strong>El primer equipo del Club Universidad de Chile viaj\u00f3 este mediod\u00eda rumbo a la Octava Regi\u00f3n para enfrentar ma\u00f1ana a Deportes Concepci\u00f3n, en el estadio Municipal de Collao (19 hrs.) por la presudamericana.<\/strong>  <!--more-->  El plantel entren\u00f3 temprano en el CDA y cerca de las 11 horas parti\u00f3 rumbo al aeropuerto, donde abord\u00f3 un vuelo que a mediod\u00eda los llev\u00f3 hasta la ciudad penquista, donde quedaron concentrados a la espera del partido.<\/p>\n<p>\u201cLe damos m\u00e1xima importancia al partido ante Deportes Concepci\u00f3n, pues nos estaremos jugando el paso a un torneo internacional. Vamos con nuestro mejor equipo y esperamos lograr un buen resultado\u201d, coment\u00f3 el t\u00e9cnico Jorge Sampaoli quien no ha dado luces de la formaci\u00f3n que presentar\u00e1 ma\u00f1ana.<\/p>\n<p>Para el encuentro de ida frente a los lilas la \u201cU\u201d no podr\u00e1 contar con los suspendidos Charles Ar\u00e1nguiz, Eduardo Vargas y Gustavo Canales.<\/p>\n","protected":false},"excerpt":{"rendered":"<p>El primer equipo del Club Universidad de Chile viaj\u00f3 este mediod\u00eda rumbo a la Octava Regi\u00f3n para enfrentar ma\u00f1ana a Deportes Concepci\u00f3n, en el estadio Municipal de Collao (19 hrs.) por la presudamericana.<\/p>\n","protected":false},"author":1,"featured_media":4124,"comment_status":"open","ping_status":"open","sticky":false,"template":"","format":"standard","meta":{"footnotes":""},"categories":[18],"tags":[],"class_list":{"0":"post-2502","1":"post","2":"type-post","3":"status-publish","4":"format-standard","5":"has-post-thumbnail","7":"category-actualidad"},"_links":{"self":[{"href":"http:\/\/www.rincondelbulla.cl\/portal\/wp-json\/wp\/v2\/posts\/2502","targetHints":{"allow":["GET"]}}],"collection":[{"href":"http:\/\/www.rincondelbulla.cl\/portal\/wp-json\/wp\/v2\/posts"}],"about":[{"href":"http:\/\/www.rincondelbulla.cl\/portal\/wp-json\/wp\/v2\/types\/post"}],"author":[{"embeddable":true,"href":"http:\/\/www.rincondelbulla.cl\/portal\/wp-json\/wp\/v2\/users\/1"}],"replies":[{"embeddable":true,"href":"http:\/\/www.rincondelbulla.cl\/portal\/wp-json\/wp\/v2\/comments?post=2502"}],"version-history":[{"count":0,"href":"http:\/\/www.rincondelbulla.cl\/portal\/wp-json\/wp\/v2\/posts\/2502\/revisions"}],"wp:featuredmedia":[{"embeddable":true,"href":"http:\/\/www.rincondelbulla.cl\/portal\/wp-json\/wp\/v2\/media\/4124"}],"wp:attachment":[{"href":"http:\/\/www.rincondelbulla.cl\/portal\/wp-json\/wp\/v2\/media?parent=2502"}],"wp:term":[{"taxonomy":"category","embeddable":true,"href":"http:\/\/www.rincondelbulla.cl\/portal\/wp-json\/wp\/v2\/categories?post=2502"},{"taxonomy":"post_tag","embeddable":true,"href":"http:\/\/www.rincondelbulla.cl\/portal\/wp-json\/wp\/v2\/tags?post=2502"}],"curies":[{"name":"wp","href":"https:\/\/api.w.org\/{rel}","templated":true}]}}