{"id":2503,"date":"2011-07-26T20:32:10","date_gmt":"2011-07-26T20:32:10","guid":{"rendered":"http:\/\/www.rincondelbulla.cl\/portal\/?p=2503"},"modified":"2011-07-26T20:32:10","modified_gmt":"2011-07-26T20:32:10","slug":"parte-el-torneo-de-clausura-y-puedes-ahorrar-comprando-en-la-preventa","status":"publish","type":"post","link":"http:\/\/www.rincondelbulla.cl\/portal\/2011\/07\/26\/parte-el-torneo-de-clausura-y-puedes-ahorrar-comprando-en-la-preventa\/","title":{"rendered":"Parte el Torneo de Clausura y puedes ahorrar comprando en la preventa"},"content":{"rendered":"<figure id=\"attachment_4125\" aria-describedby=\"caption-attachment-4125\" style=\"width: 600px\" class=\"wp-caption alignnone\"><img loading=\"lazy\" decoding=\"async\" class=\" size-full wp-image-4125\" src=\"http:\/\/www.rincondelbulla.cl\/portal\/wp-content\/uploads\/2011\/07\/8ccd2d7570b15b2ea0e7b68469e23e76.jpg\" alt=\"Foto: Terra\" class=\"caption\" title=\"Fuente: Udechile.cl\" width=\"600\" height=\"340\" srcset=\"http:\/\/www.rincondelbulla.cl\/portal\/wp-content\/uploads\/2011\/07\/8ccd2d7570b15b2ea0e7b68469e23e76.jpg 600w, http:\/\/www.rincondelbulla.cl\/portal\/wp-content\/uploads\/2011\/07\/8ccd2d7570b15b2ea0e7b68469e23e76-300x170.jpg 300w\" sizes=\"auto, (max-width: 600px) 100vw, 600px\" \/><figcaption id=\"caption-attachment-4125\" class=\"wp-caption-text\">Fuente: Udechile.cl<\/figcaption><\/figure>\n<p><strong>Ya se inici\u00f3 la preventa de entradas para la primera fecha del Torneo Nacional de Clausura, donde la \u201cU\u201d enfrenta de local, en el Estadio Nacional, a Deportes La Serena el d\u00eda s\u00e1bado 30 de julio a las 20:00 horas.<\/strong>  <!--more-->  Los tickets est\u00e1n disponibles en todas las tiendas de Feria Mix con sistema habilitado. Se considerar\u00e1 preventa a todos los boletos vendidos hasta el d\u00eda anterior al partido, es decir hasta el cierre de locales del d\u00eda viernes 29 de julio de 2011.<\/p>\n<p>Las entradas de Socios\/Empadronados y ni\u00f1os, solamente se venden el d\u00eda del partido en las boleter\u00edas del Estadio Nacional a partir de las 18:00 hrs. del d\u00eda s\u00e1bado 30 de julio de 2001.<\/p>\n<p>Los ni\u00f1os cancelan ENTRADA DE NI\u00d1O, desde los 4 a los 12 a\u00f1os. Esta entrada es v\u00e1lida solamente para los sectores de Galer\u00eda y Andes. S\u00ed un ni\u00f1o de 4 a 12 a\u00f1os quiere ingresar al sector de TRIBUNA, este debe cancelar el valor de la entrada de esa localidad, es decir $15.000.<\/p>\n<p>Para las personas que no lleguen con la entrada al segundo anillo, y que necesiten comprar la entrada, estar\u00e1 habilitada la boleter\u00eda 8 con entradas solamente del sector de tribuna.<br \/><span style=\"text-decoration: underline;\"><strong><br \/><\/strong><\/span><strong>Precio de las entradas<\/strong><\/p>\n<p>&#8211; Tribuna Marquesina. $15.000.-<br \/>&#8211; Andes: $8.000.- ($6.000 con preventa)<br \/>&#8211; Galer\u00eda: $5.000.- ($4.000 con preventa)<br \/>&#8211; Galer\u00eda Socio \/ Empadronado \u201cU\u201d: $3.000.-<br \/>&#8211; Galer\u00eda Ni\u00f1os (de 4 a 12 a\u00f1os): $3.000.- (v\u00e1lido para Galer\u00edas y Andes)<\/p>\n","protected":false},"excerpt":{"rendered":"<p>Ya se inici\u00f3 la preventa de entradas para la primera fecha del Torneo Nacional de Clausura, donde la \u201cU\u201d enfrenta de local, en el Estadio Nacional, a Deportes La Serena el d\u00eda s\u00e1bado 30 de julio a las 20:00 horas.<\/p>\n","protected":false},"author":1,"featured_media":4125,"comment_status":"open","ping_status":"open","sticky":false,"template":"","format":"standard","meta":{"footnotes":""},"categories":[18],"tags":[79],"class_list":{"0":"post-2503","1":"post","2":"type-post","3":"status-publish","4":"format-standard","5":"has-post-thumbnail","7":"category-actualidad","8":"tag-clausura-2011"},"_links":{"self":[{"href":"http:\/\/www.rincondelbulla.cl\/portal\/wp-json\/wp\/v2\/posts\/2503","targetHints":{"allow":["GET"]}}],"collection":[{"href":"http:\/\/www.rincondelbulla.cl\/portal\/wp-json\/wp\/v2\/posts"}],"about":[{"href":"http:\/\/www.rincondelbulla.cl\/portal\/wp-json\/wp\/v2\/types\/post"}],"author":[{"embeddable":true,"href":"http:\/\/www.rincondelbulla.cl\/portal\/wp-json\/wp\/v2\/users\/1"}],"replies":[{"embeddable":true,"href":"http:\/\/www.rincondelbulla.cl\/portal\/wp-json\/wp\/v2\/comments?post=2503"}],"version-history":[{"count":0,"href":"http:\/\/www.rincondelbulla.cl\/portal\/wp-json\/wp\/v2\/posts\/2503\/revisions"}],"wp:featuredmedia":[{"embeddable":true,"href":"http:\/\/www.rincondelbulla.cl\/portal\/wp-json\/wp\/v2\/media\/4125"}],"wp:attachment":[{"href":"http:\/\/www.rincondelbulla.cl\/portal\/wp-json\/wp\/v2\/media?parent=2503"}],"wp:term":[{"taxonomy":"category","embeddable":true,"href":"http:\/\/www.rincondelbulla.cl\/portal\/wp-json\/wp\/v2\/categories?post=2503"},{"taxonomy":"post_tag","embeddable":true,"href":"http:\/\/www.rincondelbulla.cl\/portal\/wp-json\/wp\/v2\/tags?post=2503"}],"curies":[{"name":"wp","href":"https:\/\/api.w.org\/{rel}","templated":true}]}}