{"id":2529,"date":"2011-08-08T00:06:07","date_gmt":"2011-08-08T00:06:07","guid":{"rendered":"http:\/\/www.rincondelbulla.cl\/portal\/?p=2529"},"modified":"2011-08-08T00:06:07","modified_gmt":"2011-08-08T00:06:07","slug":"rosario-martinez-dt-de-fenix-la-clasificacion-no-es-imposble","status":"publish","type":"post","link":"http:\/\/www.rincondelbulla.cl\/portal\/2011\/08\/08\/rosario-martinez-dt-de-fenix-la-clasificacion-no-es-imposble\/","title":{"rendered":"Rosario Mart\u00ednez, DT de Fenix: la clasificaci\u00f3n \u00abno es imposble\u00bb"},"content":{"rendered":"<figure id=\"attachment_4147\" aria-describedby=\"caption-attachment-4147\" style=\"width: 484px\" class=\"wp-caption alignnone\"><img loading=\"lazy\" decoding=\"async\" class=\" size-full wp-image-4147\" src=\"http:\/\/www.rincondelbulla.cl\/portal\/wp-content\/uploads\/2011\/08\/431b945f5e067c1db39db74162af6e1c.jpg\" alt=\"Fuente:Larepublica.com.uy\" class=\"caption\" title=\"DT de F\u00e9nix se ve confiado en la llave ante la 'U'\" width=\"484\" height=\"275\" srcset=\"http:\/\/www.rincondelbulla.cl\/portal\/wp-content\/uploads\/2011\/08\/431b945f5e067c1db39db74162af6e1c.jpg 484w, http:\/\/www.rincondelbulla.cl\/portal\/wp-content\/uploads\/2011\/08\/431b945f5e067c1db39db74162af6e1c-300x170.jpg 300w\" sizes=\"auto, (max-width: 484px) 100vw, 484px\" \/><figcaption id=\"caption-attachment-4147\" class=\"wp-caption-text\">DT de F\u00e9nix se ve confiado en la llave ante la &#8216;U&#8217;<\/figcaption><\/figure>\n<p style=\"text-align: justify;\"><strong>A s\u00f3lo dos d\u00edas de enfrentar el primer partido ante Universidad de Chile -que busca un pasaje a octavos de final de la Copa Sudamericana- el adiestrador de los \u2018albivioletas\u2019 se mostr\u00f3 muy confiado en que su equipo puede dar el golpe a la c\u00e1tedra y dejar en el camino al campe\u00f3n del f\u00fatbol chileno. As\u00ed, al menos, lo expres\u00f3 en declaraciones que fueron publicadas hoy en el diario La Rep\u00fablica del Uruguay.  <!--more-->  <\/strong><\/p>\n<p>Indic\u00f3 que vio \u00a0a la \u2018U\u2019 el\u00a0mi\u00e9rcoles\u00a0pasado ante Deportes Concepci\u00f3n y que le pareci\u00f3 un equipo \u00abmuy vertical, ordenado, que juega con un ritmo y una velocidad b\u00e1rbaras\u00bb. \u00abDebemos sacarle el v\u00e9rtigo que tienen y ofenderlo en ataque\u00bb, dijo quien fue escogido como \u00a0mejor DT del pa\u00eds oriental en el torneo pasado.<\/p>\n<p style=\"text-align: justify;\">\u00abQueremos traerlo a nuestro juego, pero a veces los entrenadores no podemos concretar en la cancha todo lo que planificamos\u00bb, acot\u00f3, y agreg\u00f3 que \u00abtodos los equipos son vulnerables\u201d.<\/p>\n<p class=\"MsoNormal\" style=\"text-align: justify;\">\u201cAdem\u00e1s nosotros no renunciamos a nada. Jugamos a lo que nos dejan jugar. No nos quedamos con las manos en la cintura, principalmente los delanteros. Todos a la hora de defender y la mayor cantidad posible a la hora de atacar\u00bb. \u00a0<\/p>\n<p>Al pregunt\u00e1rsele si firmaba el empate, Mart\u00ednez asever\u00f3: \u00abNunca renunciaremos a ganar un partido, aunque sea afuera del pa\u00eds. Despu\u00e9s el resultado veremos que pasa\u00bb.<\/p>\n<p class=\"MsoNormal\" style=\"text-align: justify;\">F\u00e9nix\u00a0viaja ma\u00f1ana en la tarde a Chile proveniente desde Montevideo y se dirigir\u00e1 directamente al Estadio Nacional para reconocer el terreno donde enfrentar\u00e1n al campe\u00f3n del f\u00fatbol chileno el martes a las 21.00 horas.<\/p>\n<p class=\"MsoNormal\" style=\"text-align: justify;\"><strong>La revancha que dirimir\u00e1 al rival de Nacional de Uruguay, se jugar\u00e1 en la capital oriental -en estadio y hora por confirmar- el pr\u00f3ximo jueves 18 de agosto.<\/strong><\/p>\n","protected":false},"excerpt":{"rendered":"<p>A s\u00f3lo dos d\u00edas de enfrentar el primer partido ante Universidad de Chile -que busca un pasaje a octavos de final de la Copa Sudamericana- el adiestrador de los \u2018albivioletas\u2019 se mostr\u00f3 muy confiado en que su equipo puede dar el golpe a la c\u00e1tedra y dejar en el camino al campe\u00f3n del f\u00fatbol chileno. [&#8230;]<\/p>\n","protected":false},"author":55,"featured_media":4147,"comment_status":"open","ping_status":"open","sticky":false,"template":"","format":"standard","meta":{"footnotes":""},"categories":[18],"tags":[454,85],"class_list":{"0":"post-2529","1":"post","2":"type-post","3":"status-publish","4":"format-standard","5":"has-post-thumbnail","7":"category-actualidad","8":"tag-actualidad","9":"tag-copa-sudamericana-2011"},"_links":{"self":[{"href":"http:\/\/www.rincondelbulla.cl\/portal\/wp-json\/wp\/v2\/posts\/2529","targetHints":{"allow":["GET"]}}],"collection":[{"href":"http:\/\/www.rincondelbulla.cl\/portal\/wp-json\/wp\/v2\/posts"}],"about":[{"href":"http:\/\/www.rincondelbulla.cl\/portal\/wp-json\/wp\/v2\/types\/post"}],"author":[{"embeddable":true,"href":"http:\/\/www.rincondelbulla.cl\/portal\/wp-json\/wp\/v2\/users\/55"}],"replies":[{"embeddable":true,"href":"http:\/\/www.rincondelbulla.cl\/portal\/wp-json\/wp\/v2\/comments?post=2529"}],"version-history":[{"count":0,"href":"http:\/\/www.rincondelbulla.cl\/portal\/wp-json\/wp\/v2\/posts\/2529\/revisions"}],"wp:featuredmedia":[{"embeddable":true,"href":"http:\/\/www.rincondelbulla.cl\/portal\/wp-json\/wp\/v2\/media\/4147"}],"wp:attachment":[{"href":"http:\/\/www.rincondelbulla.cl\/portal\/wp-json\/wp\/v2\/media?parent=2529"}],"wp:term":[{"taxonomy":"category","embeddable":true,"href":"http:\/\/www.rincondelbulla.cl\/portal\/wp-json\/wp\/v2\/categories?post=2529"},{"taxonomy":"post_tag","embeddable":true,"href":"http:\/\/www.rincondelbulla.cl\/portal\/wp-json\/wp\/v2\/tags?post=2529"}],"curies":[{"name":"wp","href":"https:\/\/api.w.org\/{rel}","templated":true}]}}