{"id":2610,"date":"2011-09-28T01:21:52","date_gmt":"2011-09-28T01:21:52","guid":{"rendered":"http:\/\/www.rincondelbulla.cl\/portal\/?p=2610"},"modified":"2011-09-28T01:21:52","modified_gmt":"2011-09-28T01:21:52","slug":"la-previa-s-wanderers-vs-universidad-de-chile","status":"publish","type":"post","link":"http:\/\/www.rincondelbulla.cl\/portal\/2011\/09\/28\/la-previa-s-wanderers-vs-universidad-de-chile\/","title":{"rendered":"La previa: S. Wanderers vs Universidad de Chile"},"content":{"rendered":"<figure id=\"attachment_4226\" aria-describedby=\"caption-attachment-4226\" style=\"width: 800px\" class=\"wp-caption alignnone\"><img loading=\"lazy\" decoding=\"async\" class=\" size-full wp-image-4226\" src=\"http:\/\/www.rincondelbulla.cl\/portal\/wp-content\/uploads\/2011\/09\/a3654d13a983b37b65531836b09ffca0.jpg\" alt=\"Foto: Claudio C\u00e1ceres\" class=\"caption\" title=\"La gran figura azul del momento buscar\u00e1 seguir con los abrazos en Valpara\u00edso\" width=\"800\" height=\"533\" srcset=\"http:\/\/www.rincondelbulla.cl\/portal\/wp-content\/uploads\/2011\/09\/a3654d13a983b37b65531836b09ffca0.jpg 800w, http:\/\/www.rincondelbulla.cl\/portal\/wp-content\/uploads\/2011\/09\/a3654d13a983b37b65531836b09ffca0-300x200.jpg 300w, http:\/\/www.rincondelbulla.cl\/portal\/wp-content\/uploads\/2011\/09\/a3654d13a983b37b65531836b09ffca0-768x512.jpg 768w, http:\/\/www.rincondelbulla.cl\/portal\/wp-content\/uploads\/2011\/09\/a3654d13a983b37b65531836b09ffca0-696x464.jpg 696w, http:\/\/www.rincondelbulla.cl\/portal\/wp-content\/uploads\/2011\/09\/a3654d13a983b37b65531836b09ffca0-630x420.jpg 630w\" sizes=\"auto, (max-width: 800px) 100vw, 800px\" \/><figcaption id=\"caption-attachment-4226\" class=\"wp-caption-text\">La gran figura azul del momento buscar\u00e1 seguir con los abrazos en Valpara\u00edso<\/figcaption><\/figure>\n<p style=\"text-align: justify;\"><strong>A las 18:00 hrs de este mi\u00e9rcoles, la Universidad de Chile visita a Santiago Wanderers y quiere seguir con el espectacular inicio de torneo que lo tiene con un 100% de rendimiento tras 9 fechas jugadas; sin embargo el Decano siempre lo deja todo en la cancha para hacerse respetar como local, y durante este a\u00f1o ya ha derrotado a Colo Colo y Cat\u00f3lica. \u00bfPodr\u00e1n amargar la tarde de la oncena de Sampaoli? Toda la previa en Rinc\u00f3n del Bulla.<\/strong><\/p>\n<p style=\"text-align: justify;\"><strong> <\/strong><\/p>\n<p>  <!--more-->  <\/p>\n<p><strong> <\/strong><\/p>\n<p>\u00a0<\/p>\n<p style=\"text-align: justify;\">La \u00faltima visita del Rom\u00e1ntico Viajero a Valpara\u00edso no trae a la memoria un recuerdo agradable: tras ir imponi\u00e9ndose con claridad frente a un recientemente ascendido cuadro de Wanderers en pleno verano porte\u00f1o, una remontada notable de los caturros dej\u00f3 a los hinchas azules con la sed de triunfo viva. Todo fue coronado por un fuerte remate de fuera del \u00e1rea del s\u00edmbolo wanderino, Mois\u00e9s Villarroel; un verdadero golazo para sellar un impensado 3 a 3 final.<\/p>\n<p style=\"text-align: justify;\">Lo cierto es que este ejemplo si bien es antiguo y totalmente alejado de la realidad actual de ambos cuadros, sirve para representar la dureza de Wanderers en Playa Ancha, lo cual incluso en muchas ocasiones no se condice con el momento futbol\u00edstico de los porte\u00f1os. Siempre el reducto playanchino se erige como un duro escollo, especialmente para los grandes, que se ven sorprendidos por el coraje con el que el Decano encara los duelos con su gente en las grader\u00edas.<\/p>\n<p style=\"text-align: justify;\">Hoy en d\u00eda la realidad de la U es conocida: 9 triunfos consecutivos en igual cantidad de partidos jugados, lo que es el mejor inicio de torneo en la historia del campeonato local, situaci\u00f3n que se suma al invicto que el equipo mantiene en la Copa Sudamericana, tras haber disputado 4 enfrentamientos sin recibir goles.<\/p>\n<p style=\"text-align: justify;\">Por otra parte, Wanderers se encuentra en la parte baja de la tabla, sumando tan s\u00f3lo 9 puntos, y durante todo el a\u00f1o ha vivido un irregular presente futbol\u00edstico, el que lo ha hecho tanto derrotar a Colo Colo y la UC, como caer frente a los colistas del campeonato. Sin embargo, y en un fen\u00f3meno que me parece curioso, a ratos muestra interesantes alternativas en la ofensiva comandadas por Tressor Moreno.<\/p>\n<p style=\"text-align: justify;\">Si bien el colombiano no ha podido solucionar a cabalidad el mal momento de los porte\u00f1os, s\u00ed ha logrado cambiarle la cara en lo que al ataque se refiere, d\u00e1ndole mayor peligro y sorpresa a los embates verdes. Para este duelo, sin duda que Moreno ser\u00e1 una de las principales preocupaciones que deber\u00e1n tener los hombres de quite que Sampaoli pare en la cancha, pues con espacios el colombiano es letal.<\/p>\n<p style=\"text-align: justify;\">La U no realizar\u00e1 grandes variaciones en su formaci\u00f3n titular para el d\u00eda de hoy, sin embargo si habr\u00e1 dos cambios en la oncena estelar. De esta manera, los azules formar\u00e1n con <strong>Herrera <\/strong>en el arco; l\u00ednea de 4 que tendr\u00e1 como novedad a <strong>Magalhaes <\/strong>por derecha, <strong>Marcos Gonz\u00e1lez <\/strong>y <strong>Jos\u00e9 Rojas <\/strong>en el centro de la zaga, cerrando todo<strong> Eugenio Mena<\/strong> por la banda izquierda; \u00a0el mediocampo estar\u00e1 compuesto por<strong> Charles Ar\u00e1nguiz, Acevedo y D\u00edaz<\/strong>; mientras que el tridente de ataque lo formar\u00e1n <strong>Gustavo Lorenzetti <\/strong>en labores creativas, dejando en delantera a<strong> Castro y Eduardo Vargas.<\/strong><\/p>\n<p style=\"text-align: justify;\">Los caturros por su parte no podr\u00e1n contar con Andr\u00e9s Robles quien sufri\u00f3 una lesi\u00f3n en el quinto metatarsiano de su pie izquierdo y estar\u00e1 cerca de un mes fuera de las canchas. Adem\u00e1s, tambi\u00e9n por dolencias f\u00edsicas Godoy y Quiroga quedaron fuera de la cita frente al Rom\u00e1ntico Viajero. La m\u00e1s probable formaci\u00f3n tiular del Decano ser\u00e1 con Lobos en el arco; Opazo, Vergara, Parra y P\u00e9rez conformando la defensa; mediocampo armado por Villarroel, M\u00e9ndez, moreno y Rusculleda; para finalmente dejar a Gonz\u00e1lez y Oru\u00e9 en ataque.<\/p>\n<p style=\"text-align: justify;\"><strong>6 de la tarde e la cita en el Estadio regional Chiledeportes. Azules y verdes se vuelven a ver las caras en un duelo que siempre saca chispas y ofrece espect\u00e1culo y mucho coraje de ambas escuadras. Por un \u00a0lado la redenci\u00f3n, por el otro la prolongaci\u00f3n de un momento dorado. \u00bfuTe lo vas a perder? Sigue el minuto por el Rinc\u00f3n del Bulla. \u00a1Vamos Leones!<\/strong><\/p>\n<p style=\"text-align: justify;\">\u00a0<\/p>\n","protected":false},"excerpt":{"rendered":"<p>A las 18:00 hrs de este mi\u00e9rcoles, la Universidad de Chile visita a Santiago Wanderers y quiere seguir con el espectacular inicio de torneo que lo tiene con un 100% de rendimiento tras 9 fechas jugadas; sin embargo el Decano siempre lo deja todo en la cancha para hacerse respetar como local, y durante este [&#8230;]<\/p>\n","protected":false},"author":54,"featured_media":4226,"comment_status":"open","ping_status":"open","sticky":false,"template":"","format":"standard","meta":{"footnotes":""},"categories":[18],"tags":[37],"class_list":{"0":"post-2610","1":"post","2":"type-post","3":"status-publish","4":"format-standard","5":"has-post-thumbnail","7":"category-actualidad","8":"tag-la-previa"},"_links":{"self":[{"href":"http:\/\/www.rincondelbulla.cl\/portal\/wp-json\/wp\/v2\/posts\/2610","targetHints":{"allow":["GET"]}}],"collection":[{"href":"http:\/\/www.rincondelbulla.cl\/portal\/wp-json\/wp\/v2\/posts"}],"about":[{"href":"http:\/\/www.rincondelbulla.cl\/portal\/wp-json\/wp\/v2\/types\/post"}],"author":[{"embeddable":true,"href":"http:\/\/www.rincondelbulla.cl\/portal\/wp-json\/wp\/v2\/users\/54"}],"replies":[{"embeddable":true,"href":"http:\/\/www.rincondelbulla.cl\/portal\/wp-json\/wp\/v2\/comments?post=2610"}],"version-history":[{"count":0,"href":"http:\/\/www.rincondelbulla.cl\/portal\/wp-json\/wp\/v2\/posts\/2610\/revisions"}],"wp:featuredmedia":[{"embeddable":true,"href":"http:\/\/www.rincondelbulla.cl\/portal\/wp-json\/wp\/v2\/media\/4226"}],"wp:attachment":[{"href":"http:\/\/www.rincondelbulla.cl\/portal\/wp-json\/wp\/v2\/media?parent=2610"}],"wp:term":[{"taxonomy":"category","embeddable":true,"href":"http:\/\/www.rincondelbulla.cl\/portal\/wp-json\/wp\/v2\/categories?post=2610"},{"taxonomy":"post_tag","embeddable":true,"href":"http:\/\/www.rincondelbulla.cl\/portal\/wp-json\/wp\/v2\/tags?post=2610"}],"curies":[{"name":"wp","href":"https:\/\/api.w.org\/{rel}","templated":true}]}}