{"id":2622,"date":"2011-10-05T18:35:26","date_gmt":"2011-10-05T18:35:26","guid":{"rendered":"http:\/\/www.rincondelbulla.cl\/portal\/?p=2622"},"modified":"2011-10-05T18:35:26","modified_gmt":"2011-10-05T18:35:26","slug":"osvaldo-gonzalez-se-perdio-practica-de-la-seleccion-por-una-molestia-muscular","status":"publish","type":"post","link":"http:\/\/www.rincondelbulla.cl\/portal\/2011\/10\/05\/osvaldo-gonzalez-se-perdio-practica-de-la-seleccion-por-una-molestia-muscular\/","title":{"rendered":"Marco Gonz\u00e1lez reemplaza en la &#8216;Roja&#8217; a Osvaldo Gonz\u00e1lez"},"content":{"rendered":"<figure id=\"attachment_4238\" aria-describedby=\"caption-attachment-4238\" style=\"width: 720px\" class=\"wp-caption alignnone\"><img loading=\"lazy\" decoding=\"async\" class=\" size-full wp-image-4238\" src=\"http:\/\/www.rincondelbulla.cl\/portal\/wp-content\/uploads\/2011\/10\/b0ccfdc71ad7b1e5260a567a30b9ecab.jpg\" alt=\"Foto: Claudio C\u00e1ceres\" class=\"caption\" title=\"Fuente: Prensafutbol.cl\" width=\"720\" height=\"479\" srcset=\"http:\/\/www.rincondelbulla.cl\/portal\/wp-content\/uploads\/2011\/10\/b0ccfdc71ad7b1e5260a567a30b9ecab.jpg 720w, http:\/\/www.rincondelbulla.cl\/portal\/wp-content\/uploads\/2011\/10\/b0ccfdc71ad7b1e5260a567a30b9ecab-300x200.jpg 300w, http:\/\/www.rincondelbulla.cl\/portal\/wp-content\/uploads\/2011\/10\/b0ccfdc71ad7b1e5260a567a30b9ecab-696x463.jpg 696w, http:\/\/www.rincondelbulla.cl\/portal\/wp-content\/uploads\/2011\/10\/b0ccfdc71ad7b1e5260a567a30b9ecab-631x420.jpg 631w\" sizes=\"auto, (max-width: 720px) 100vw, 720px\" \/><figcaption id=\"caption-attachment-4238\" class=\"wp-caption-text\">Fuente: Prensafutbol.cl<\/figcaption><\/figure>\n<p><strong>El defensor de la &#8216;U&#8217; fue convocado de \u00faltima hora a causa de que su compa\u00f1ero en la zaga azul no pudo participar en la pr\u00e1ctica matinal de la selecci\u00f3n chilena, ya que present\u00f3 un edema muscular y fue descartado de la n\u00f3mina que enfrentar\u00e1 a Argentina y Per\u00fa.<\/strong><\/p>\n<p>  <!--more-->  <\/p>\n<p>Claudio Borghi ten\u00eda pr\u00e1cticamente sellada la formaci\u00f3n de la selecci\u00f3n chilena para enfrentar a Argentina. Por eso, ten\u00eda presupuestado ensayar con esa oncena durante las dos pr\u00e1cticas de hoy. Sin embargo, sus planes se vieron abruptamente abortados tras la lesi\u00f3n de Osvaldo Gonz\u00e1lez, quien aparec\u00eda como titular en la l\u00ednea de tres zagueros del &#8216;Bichi&#8217;.<\/p>\n<p>&#8216;Rocky&#8217; present\u00f3 molestias musculares, las cuales le impidieron participar en en el entrenamiento matinal. Por esta raz\u00f3n el cuerpo m\u00e9dico de la &#8216;Roja&#8217; decidi\u00f3 someter a ex\u00e1menes m\u00e9dicos al zaguero de Universidad de Chile, para as\u00ed confirmar o descartar la presencia de un desgarro, el cual pod\u00eda sacarlo definitivamente del choque ante la &#8216;Albiceleste&#8217;.<\/p>\n<p>Los resultados arrojaron un edema muscular, raz\u00f3n por la cual el t\u00e9cnico se vio obligado a buscar una variante. Marco Gonz\u00e1lez, tambi\u00e9n zaguero de la &#8216;U&#8217;, fue citado de emergencia ante la lesi\u00f3n de su compa\u00f1ero de zaga. &#8216;Lobo del Aire&#8217; ya se present\u00f3 en Juan Pinto Dur\u00e1n para unirse al &#8216;Equipo de Todos&#8217;.<\/p>\n<p>Ahora la oncena de Claudio Borghi sufrir\u00e1 modificaciones, donde la principal opci\u00f3n es retrasar a Arturo Vidal a la \u00faltima l\u00ednea y que Felipe Seymour ingrese al medioterreno, donde har\u00eda dupla de contenci\u00f3n junto a Carlos Carmona.\u00a0 <\/p>\n<p>Estas variantes se podr\u00e1n ver a partir de esta tarde, cuando se integre la &#8216;Roja&#8217; juegue un amistoso ante la Sub 20 de Fernando Carvallo. As\u00ed la m\u00e1s probable formaci\u00f3n de Chile ser\u00e1 con: Claudio Bravo; Arturo Vidal, Waldo Ponce y Gonzalo Jara; Mauricio Isla, Carlos Carmona, Felipe Seymour y Jean Beausejour; Mat\u00edas Fern\u00e1ndez; Humberto Suazo y Mauricio Pinilla.<\/p>\n<p>\u00a0<\/p>\n<p>\u00a0<\/p>\n","protected":false},"excerpt":{"rendered":"<p>El defensor de la &#8216;U&#8217; fue convocado de \u00faltima hora a causa de que su compa\u00f1ero en la zaga azul no pudo participar en la pr\u00e1ctica matinal de la selecci\u00f3n chilena, ya que present\u00f3 un edema muscular y fue descartado de la n\u00f3mina que enfrentar\u00e1 a Argentina y Per\u00fa.<\/p>\n","protected":false},"author":1,"featured_media":4238,"comment_status":"open","ping_status":"open","sticky":false,"template":"","format":"standard","meta":{"footnotes":""},"categories":[18],"tags":[],"class_list":{"0":"post-2622","1":"post","2":"type-post","3":"status-publish","4":"format-standard","5":"has-post-thumbnail","7":"category-actualidad"},"_links":{"self":[{"href":"http:\/\/www.rincondelbulla.cl\/portal\/wp-json\/wp\/v2\/posts\/2622","targetHints":{"allow":["GET"]}}],"collection":[{"href":"http:\/\/www.rincondelbulla.cl\/portal\/wp-json\/wp\/v2\/posts"}],"about":[{"href":"http:\/\/www.rincondelbulla.cl\/portal\/wp-json\/wp\/v2\/types\/post"}],"author":[{"embeddable":true,"href":"http:\/\/www.rincondelbulla.cl\/portal\/wp-json\/wp\/v2\/users\/1"}],"replies":[{"embeddable":true,"href":"http:\/\/www.rincondelbulla.cl\/portal\/wp-json\/wp\/v2\/comments?post=2622"}],"version-history":[{"count":0,"href":"http:\/\/www.rincondelbulla.cl\/portal\/wp-json\/wp\/v2\/posts\/2622\/revisions"}],"wp:featuredmedia":[{"embeddable":true,"href":"http:\/\/www.rincondelbulla.cl\/portal\/wp-json\/wp\/v2\/media\/4238"}],"wp:attachment":[{"href":"http:\/\/www.rincondelbulla.cl\/portal\/wp-json\/wp\/v2\/media?parent=2622"}],"wp:term":[{"taxonomy":"category","embeddable":true,"href":"http:\/\/www.rincondelbulla.cl\/portal\/wp-json\/wp\/v2\/categories?post=2622"},{"taxonomy":"post_tag","embeddable":true,"href":"http:\/\/www.rincondelbulla.cl\/portal\/wp-json\/wp\/v2\/tags?post=2622"}],"curies":[{"name":"wp","href":"https:\/\/api.w.org\/{rel}","templated":true}]}}