{"id":2731,"date":"2011-12-31T21:51:05","date_gmt":"2011-12-31T21:51:05","guid":{"rendered":"http:\/\/www.rincondelbulla.cl\/portal\/?p=2731"},"modified":"2011-12-31T21:51:05","modified_gmt":"2011-12-31T21:51:05","slug":"2011-el-ano-en-que-el-leon-rugio-mas-fuerte-que-nunca","status":"publish","type":"post","link":"http:\/\/www.rincondelbulla.cl\/portal\/2011\/12\/31\/2011-el-ano-en-que-el-leon-rugio-mas-fuerte-que-nunca\/","title":{"rendered":"2011: el a\u00f1o en que el Le\u00f3n rugi\u00f3 m\u00e1s fuerte que nunca"},"content":{"rendered":"<p><img loading=\"lazy\" decoding=\"async\" class=\" size-full wp-image-4343\" src=\"http:\/\/www.rincondelbulla.cl\/portal\/wp-content\/uploads\/2011\/12\/fbd810dbe9eba310a4db4eed080d5185.jpg\" alt=\"Foto: Patricio Gonz\u00e1lez\" width=\"900\" height=\"600\" srcset=\"http:\/\/www.rincondelbulla.cl\/portal\/wp-content\/uploads\/2011\/12\/fbd810dbe9eba310a4db4eed080d5185.jpg 900w, http:\/\/www.rincondelbulla.cl\/portal\/wp-content\/uploads\/2011\/12\/fbd810dbe9eba310a4db4eed080d5185-300x200.jpg 300w, http:\/\/www.rincondelbulla.cl\/portal\/wp-content\/uploads\/2011\/12\/fbd810dbe9eba310a4db4eed080d5185-768x512.jpg 768w, http:\/\/www.rincondelbulla.cl\/portal\/wp-content\/uploads\/2011\/12\/fbd810dbe9eba310a4db4eed080d5185-696x464.jpg 696w, http:\/\/www.rincondelbulla.cl\/portal\/wp-content\/uploads\/2011\/12\/fbd810dbe9eba310a4db4eed080d5185-630x420.jpg 630w\" sizes=\"auto, (max-width: 900px) 100vw, 900px\" \/><\/p>\n<p style=\"text-align: justify;\"><strong>Todav\u00eda se puede percibir en el aire el sabor a triunfo que la Universidad de Chile nos dej\u00f3 este a\u00f1o. En las Calles, barres, locales comerciales, Twitter, Facebook, etc, la campa\u00f1a de la Gloriosa es tema obligado. Es que fue un a\u00f1o redondo. Se rompieron\u00a0 records, \u201cGok\u00fa\u201d se tat\u00fao de por vida en el coraz\u00f3n de los hinchas azules, somos reconocidos en Am\u00e9rica y en Europa\u2026 en fin podr\u00edamos escribir un libro de mil p\u00e1ginas, por lo bajo, y a\u00fan as\u00ed nos faltar\u00eda tiempo y p\u00e1ginas para resumir el mejor a\u00f1o en la historia del club. <\/strong><\/p>\n<hr id=\"system-readmore\" style=\"text-align: justify;\" \/>\n<p style=\"text-align: justify;\"><em>Escrito por: Claudio Cort\u00e9s<\/em><\/p>\n<p>Por esta raz\u00f3n el Rinc\u00f3n del Bulla tiene preparado para todos los bullangueros de coraz\u00f3n, un resumen con lo m\u00e1s destacado de este hist\u00f3rico a\u00f1o. A continuaci\u00f3n te dejamos con el resumen del primer semestre <\/p>\n<p>Llegada de Sampaoli <\/p>\n<p>El 15 de diciembre de 2010 firmaba en el Rom\u00e1ntico Viajero Jorge Sampaoli, tras\u00a0 un a\u00f1o demasiado irregular. El primer semestre llegamos a semifinales de la Copa Libertdores, pero el segundo sencillamente fue para el olvido. <\/p>\n<p>En un principio no hab\u00eda muchas expectativas con la llegada del \u201cseguidor de Bielsa\u201d. S\u00f3lo se ten\u00edan antecedentes que hab\u00eda dirigido en Argentina, de forma amateur, Per\u00fa, Ecuador y en Chile a O&#8217;Higgins. Donde dej\u00f3 una buena impresi\u00f3n por la forma en que jugaba el equipo de la sexta regi\u00f3n. Por esa tiempo Azul Azul ya lo hab\u00eda contactado, sin embargo el casidelnse descart\u00f3\u00a0 la oferta por tener contrato vigente con el Capo de Provincia.<\/p>\n<p>Desde un principio golpe\u00f3 la mesa. Rafael Olarra y Manuel Iturra, ambos estandartes del Bulla, remecieron el camar\u00edn con su salida. El primero por que no estaba en los planes del estratego y el segundo, seg\u00fan el propio Colocho, para \u201ccambiar de aire\u201d.<\/p>\n<p>Si bien se iban dos referentes, volv\u00eda a casa Jhonny Herrera. Con este panorama Diego Rivarola, Super Boy y Jos\u00e9 Rojas fueron los l\u00edderes de esta nueva U, en donde Pepe ser\u00eda el flamante capit\u00e1n. <\/p>\n<p>Un caluroso 30 de enero el Equipo M\u00e1gico lleg\u00f3 hasta la cuarta regi\u00f3n para enfrentarse a\u00a0 Deportes La Serena. Si bien fue un empate\u00a0 1 \u2013 1 ya se ve\u00eda como ser\u00eda el equipo laico de la mano de Sampaoli. Atacar con seis, defender con ocho, asfixiar al rival cuando se tenga el bal\u00f3n, triangulaci\u00f3n permanente, entre otras caracter\u00edsticas.<\/p>\n<p>Lamentablemente en la\u00a0 5\u00b0 y 7\u00b0 fechas\u00a0 del apertura se perdi\u00f3 con Santiago Morning y Uni\u00f3n San Felipe.\u00a0 Los equipos dirigidos, en ese tiempo,\u00a0 por Fernando D\u00edaz y Nelson Cossio, respectivamente, lograron lo que m\u00e1s le duele a los azules. Arrebatarles la pelota. <\/p>\n<p>Las cr\u00edticas al sistema de Sampaoli y el fantasma de la poca experiencia volv\u00edan a recorrer las cabezas y el alma de los seguidores del Le\u00f3n.<br \/><strong><br \/>Partido Visagra<\/strong><\/p>\n<p>Pasaron siete fechas de la \u00faltima derrota y en el horizonte estaba el S\u00faper Cl\u00e1sico. Este ser\u00eda el partido del campeonato. Aqu\u00ed se ver\u00eda cuanto pesaba el rosarino como entrenador. <\/p>\n<p>Por su parte a contra ven\u00eda como en los \u00faltimos a\u00f1os. Un equipo mediocre, resaltando sus triunfos pasados, con Paredes dependencia, un entrenador que pr\u00e1ctica un futbol rat\u00f3n obsoleto, etc. Nada nuevo. Era la oportunidad perfecta para ganar despu\u00e9s de cuatro a\u00f1os al archirrival. <\/p>\n<p>Fue un partido tenso, con llegadas de ambos equipos, pero con poco f\u00fatbol de parte de los dos. <\/p>\n<p>A los 66\u2019 Exequiel Mirralles habr\u00eda el marcador para Colo Colo. Golpe duro para el Le\u00f3n. Como si fuera poco\u00a0 el argentino sali\u00f3 celebrando hac\u00eda el codo sur\u00a0 con la mano sobre su frente en forma de \u201cL\u201d haciendo claramente un gesto no verbal de \u201cLosers\u201d, en espa\u00f1ol, perdedores. <\/p>\n<p>Con el\u00a0 marcador a favor la contra pens\u00f3 que todo estaba escrito y fiel a sus convicciones futbol\u00edsticas, Am\u00e9rico Rub\u00e9n Gallegos dio las instrucciones para que el equipo se refugiara en su ratonera.<\/p>\n<p>El Le\u00f3n atacaba peros sin mucha claridad. Un penal en el minuto 85\u2019 de Pavez a Charlez Mariano Ar\u00e1nguiz cambiar\u00eda la historia. Gustavo Canales, quien hab\u00eda ingresado en el segundo tiempo, con una frialdad digna de un crack, transform\u00f3 la falta en gol.<\/p>\n<p>Todav\u00eda los bullangueros no terminaban de comentar el tanto cuando Eduardo Vargas le gana a su marcador y empieza a correr por la banda derecha. Mientras corr\u00eda, sent\u00eda los gritos incesantes del \u00faltimo \u00eddolo azul. Ese que siempre nos dio\u00a0 alegr\u00edas por montones y que siempre recordaremos. Diego Gabriel Rivarola Pop\u00f3n. <\/p>\n<p>Gok\u00fa tambi\u00e9n hab\u00eda entrado en el complemento para cambiar la cara al partido. Su sola presencia ya hac\u00eda temblar a los blancos. Y c\u00f3mo no si los tiene de caseros.\u00a0 <\/p>\n<p>A los 89\u2019 arremeti\u00f3 como el sabe solamente. Con autoridad y sabiendo que los del frente no le hacen nada, se elev\u00f3 en la entrada del \u00e1rea, tras un centro de \u201cEdu\u201d, y con un testazo letal venci\u00f3 al portero uruguayo Juan Castillo. Lo dem\u00e1s ya lo sabemos. La polera ploma del sayayin de nuevo a vista de los colocolinos, que no pod\u00edan creer que por s\u00e9ptima vez Rivarola los clavara.<\/p>\n<p>Mientras que los hinchas azules no paraban de correar el nombre del \u00faltimo gran \u00eddolo azul \u00a1Rivaroooola! \u00a1Rivaroooola!&#8230; se escuchaba por todo el Nacional y sus alrededores. Momento Inolvidable. <\/p>\n<p>\u201cProbablemente ha sido el gol que m\u00e1s he gritado\u201d, comentaba tras el partido Rivarola. <\/p>\n<p>Muchos del plantel y el cuerpo t\u00e9cnico aseguran que este fue el encuentro que los termin\u00f3 de convencer que estaban incubando\u00a0 algo mayor, nunca antes visto en el f\u00fatbol chileno.<\/p>\n<p>El resto del campeonato fue un tr\u00e1mite. Los Azules llegaron segundos en la etapa regular atr\u00e1s de Universidad Cat\u00f3lica, para quien el equipo le ten\u00eda una sorpresa guardada para el final.<\/p>\n<p>En los play off el Bulla no tuvo mayores problemas. En cuartos despach\u00f3 a San Felipe con un marcador global de 3-2. <\/p>\n<p>La semifinal se ve\u00eda m\u00e1s complicada. O\u00b4Higgins, el equipo dirigido por Ivo Basay, hab\u00eda causado buena impresi\u00f3n en la prensa deportiva y en general en las personas que lo hab\u00edan visto jugar. En Rancagua el Rom\u00e1ntico Viajero gan\u00f3 por un 0-1. Pero en la vuelta se destaparon. 7-1 fue el expresivo marcador. <\/p>\n<p>Ahora solo quedaba la final. Demostrar que lo hecho era gracias al trabajo, el sacrificio y el convencimiento de todo los que componen la U. No hab\u00eda otra opci\u00f3n. Era el t\u00edtulo o nada.<\/p>\n<p><strong>Final de antolog\u00eda <\/strong><\/p>\n<p>Los cruzados buscaban el primer Bicampeonato de su historia, su d\u00e9cima primera copa en torneos nacionales,\u00a0 adem\u00e1s de\u00a0 reconfirmar que el exitoso proceso de Juan Antonio Pizzi seguir\u00eda su senda. <\/p>\n<p>Mientras que el Equipo M\u00e1gico ten\u00eda m\u00e1s hambre. Primero quer\u00eda su d\u00e9cima cuarta estrella, ratificar el buen primer semestre y por supuesto vengarse de los cruzados por la final perdida -por penales- en el a\u00f1o 2005.<\/p>\n<p>A las 20 Hrs. del 05 de junio, se jug\u00f3 la primera final del apertura 2011. Fue un encuentro en donde los cruzados caballeros fueron superiores durante el encuentro. Expresi\u00f3n de esto fueron los goles de Tom\u00e1s Costas a los 51\u2019 y de Milovan Mirosevic a los 91\u00b4 con una lucida \u201cpalomita\u201d.<\/p>\n<p>Conmovedor fue ver el llanto de Felipe Seymour, quien ya estaba vendido al Genoa italiano, quien anhelaba dejar al equipo de sus amores como campe\u00f3n de la primera parte del a\u00f1o.\u00a0\u00a0\u00a0\u00a0\u00a0 <\/p>\n<p>Esa fr\u00eda noche mientras los jugadores de cat\u00f3lica festejaban su inminente bicampeonato, en televisi\u00f3n era entrevistado Jhonny Herrera quien con cara de incredulidad miraba al periodista que le preguntaba por la p\u00e9rdida del campeonato.<\/p>\n<p>Super Boy lo mir\u00f3 fijo a los ojos y con la frontalidad que se le conoce le respondi\u00f3: \u201cNo nos den por muertos. Somos la U\u201d.<\/p>\n<p>Esa frase hizo remecer a todo el pueblo azul, quienes\u00a0 en el momento de ponerse\u00a0 las entradas a la venta para el partido definitivo, no escatimaron\u00a0 esfuerzos y dinero para agotar lo tickets en un par de horas. Esta situaci\u00f3n aumento el hambre del cuadro de Sampaoli que vieron como su gente no los dej\u00f3, deja y no los dejar\u00e1 aunque \u201cvayan perdiendo\u201d, como reza la canci\u00f3n de la hinchada. <\/p>\n<p>Los de Santa Rosa de Las Condes\u00a0 llegaron el domingo 09 de junio al Estadio Nacional sinti\u00e9ndose bicampeones, pero se les olvido su \u201cmote\u201d de segundones y que al frente estaba la Gloriosa.\u00a0 Su llegada fue en bus adornado interiormente con serpentinas, chayas, gorros festivos, etc. Todo era una fiesta \u201cpirula\u201d. Totalmente diferente a como salieron del coloso \u00f1u\u00f1oino.<\/p>\n<p>Con una cat\u00f3lica relajada el Cuadro M\u00e1gico sali\u00f3 desde el primer minuto a buscar el partido. Premio a esto en los 16\u00b4 minutos, Rodrigo Valenzuela comete una falta dentro del \u00e1rea, que Enrique Osses no dud\u00f3 en pitar. Gustavo Canales se pon\u00eda frente al bal\u00f3n, mientras Christopher Tosselli lo miraba y trataba de adivinar donde \u201cGus\u201d lanzar\u00eda el bal\u00f3n. Hulk no adivino y el ex River Plate corr\u00eda con los brazos en alto a gritar con la hinchada el gol que habr\u00eda la esperanza.<\/p>\n<p>Los que somos del Bulla sabemos que nada se nos da f\u00e1cil. Todo nos cuesta un poco m\u00e1s, as\u00ed no fue extra\u00f1o que Lucas Pratto, tras un mal despeje\u00a0 de Marcos Gonz\u00e1lez, anotar\u00e1 el 1-1 a los 17\u2019 devolvi\u00e9ndole la ilusi\u00f3n al cuadro dirigido por Juan Antonio Pizzi.<\/p>\n<p>Pero los sue\u00f1os del \u201cBi\u201d murieron un par de minutos m\u00e1s tarde. Tras una falta de Jorge Orme\u00f1o, Charles Ar\u00e1nguiz agarra el bal\u00f3n, lo acomoda de la mejor manera y con su pierna derecha lo lanza al \u00e1rea enemiga. En un descuido Juan Eluchans\u00a0 en el minuto 25\u2019 env\u00eda la esf\u00e9rica contra su propio arco y nos devuelve el alma al cuerpo. <\/p>\n<p>Minutos m\u00e1s tarde ser\u00eda expulsado Tom\u00e1s Costas por doble amarilla, provocando el desbarajuste total en el equipo del nacionalizado espa\u00f1ol.<\/p>\n<p>En el segundo tiempo hab\u00eda un solo equipo y ese era la U. La presi\u00f3n era insostenible. En el complemento\u00a0 Enzo And\u00eda derribo a Canales en el \u00e1rea. Los mismos actores para una misma escena y el final se repite. A los 52\u2019 \u201cGus\u201d toma carrera\u2026 patea\u2026 y a celebrar al codo sur.\u00a0\u00a0 <\/p>\n<p>Solo faltaba un tanto para lograr el hist\u00f3rico triunfo. Con dos \u201cpepas\u201d, el ex Uni\u00f3n Espa\u00f1ola quer\u00eda m\u00e1s. A los 56\u00b4 y luego de desviar con un suave toque el tiro de Edson Puch logra su tercer gol y de paso dar vuelta la llave. Toselli por cuarta vez iba a buscar el bal\u00f3n al fondo del arco, mientras sus compa\u00f1eros solo quer\u00edan que la pesadilla acabara. <\/p>\n<p>En los \u00faltimos minutos entr\u00f3 Rivarola para poner la guinda a este pastel que se ve\u00eda tan lejano. El mendocino pudo estirar la cuenta, pero las cosas de la vida impidieron que una jugada terminara en gol. Su tiro pego caprichosamente en el palo izquierdo del ex seleccionado nacional sub 20, como queri\u00e9ndonos decir: \u201ccalma muchachos; tanta alegr\u00eda los puede matar\u201d.\u00a0\u00a0 <\/p>\n<p>Son\u00f3 el pitazo final y el carnaval comenz\u00f3. Del cielo ca\u00eda la \u201c14\u201d. \u00c9ramos Campeones del Torneo de Apertura 2011, adem\u00e1s de ser el \u00fanico equipo que ha hecho cuatro goles en una final con la modalidad de play off.<\/p>\n<p>Esa tarde Jhonny fue entrevistado nuevamente por la premonici\u00f3n que hab\u00eda lanzado en el primer duelo, en donde visualizaba que no est\u00e1bamos muertos. Est\u00e1 vez el canterano, notablemente emocionado, solo atino a decir: \u201cEsto es la U\u201d.<\/p>\n<p>As\u00ed un primer semestre que comenzaba con dudas, vacilaciones y desconfianzas, se trasformaba en lo que la gloriosa Universidad de Chile y su gente son. Un equipo que ante la adversidad se comporta de forma il\u00f3gica para el que no es seguidor de estos colores y lo normal para el fan\u00e1tico que entiende que esta camiseta no es valorada por t\u00edtulos, estadios o pomposas contrataciones, sino por su incondicional amor a la camiseta. Se Pierda o se Gane.<\/p>\n<p>\u00a0<\/p>\n","protected":false},"excerpt":{"rendered":"<p>Todav\u00eda se puede percibir en el aire el sabor a triunfo que la Universidad de Chile nos dej\u00f3 este a\u00f1o. En las Calles, barres, locales comerciales, Twitter, Facebook, etc, la campa\u00f1a de la Gloriosa es tema obligado. Es que fue un a\u00f1o redondo. Se rompieron\u00a0 records, \u201cGok\u00fa\u201d se tat\u00fao de por vida en el coraz\u00f3n [&#8230;]<\/p>\n","protected":false},"author":1,"featured_media":4343,"comment_status":"open","ping_status":"open","sticky":false,"template":"","format":"standard","meta":{"footnotes":""},"categories":[18],"tags":[],"class_list":{"0":"post-2731","1":"post","2":"type-post","3":"status-publish","4":"format-standard","5":"has-post-thumbnail","7":"category-actualidad"},"_links":{"self":[{"href":"http:\/\/www.rincondelbulla.cl\/portal\/wp-json\/wp\/v2\/posts\/2731","targetHints":{"allow":["GET"]}}],"collection":[{"href":"http:\/\/www.rincondelbulla.cl\/portal\/wp-json\/wp\/v2\/posts"}],"about":[{"href":"http:\/\/www.rincondelbulla.cl\/portal\/wp-json\/wp\/v2\/types\/post"}],"author":[{"embeddable":true,"href":"http:\/\/www.rincondelbulla.cl\/portal\/wp-json\/wp\/v2\/users\/1"}],"replies":[{"embeddable":true,"href":"http:\/\/www.rincondelbulla.cl\/portal\/wp-json\/wp\/v2\/comments?post=2731"}],"version-history":[{"count":0,"href":"http:\/\/www.rincondelbulla.cl\/portal\/wp-json\/wp\/v2\/posts\/2731\/revisions"}],"wp:featuredmedia":[{"embeddable":true,"href":"http:\/\/www.rincondelbulla.cl\/portal\/wp-json\/wp\/v2\/media\/4343"}],"wp:attachment":[{"href":"http:\/\/www.rincondelbulla.cl\/portal\/wp-json\/wp\/v2\/media?parent=2731"}],"wp:term":[{"taxonomy":"category","embeddable":true,"href":"http:\/\/www.rincondelbulla.cl\/portal\/wp-json\/wp\/v2\/categories?post=2731"},{"taxonomy":"post_tag","embeddable":true,"href":"http:\/\/www.rincondelbulla.cl\/portal\/wp-json\/wp\/v2\/tags?post=2731"}],"curies":[{"name":"wp","href":"https:\/\/api.w.org\/{rel}","templated":true}]}}