{"id":2733,"date":"2012-01-04T18:13:51","date_gmt":"2012-01-04T18:13:51","guid":{"rendered":"http:\/\/www.rincondelbulla.cl\/portal\/?p=2733"},"modified":"2012-01-04T18:13:51","modified_gmt":"2012-01-04T18:13:51","slug":"vargas-me-llevo-un-lindo-recuerdo-de-la-u","status":"publish","type":"post","link":"http:\/\/www.rincondelbulla.cl\/portal\/2012\/01\/04\/vargas-me-llevo-un-lindo-recuerdo-de-la-u\/","title":{"rendered":"Vargas: \u00abMe llevo un lindo recuerdo de la &#8216;U'\u00bb"},"content":{"rendered":"<figure id=\"attachment_4345\" aria-describedby=\"caption-attachment-4345\" style=\"width: 600px\" class=\"wp-caption alignnone\"><img loading=\"lazy\" decoding=\"async\" class=\" size-full wp-image-4345\" src=\"http:\/\/www.rincondelbulla.cl\/portal\/wp-content\/uploads\/2012\/01\/e4559044766b9b537a51a03a16c9872a.jpg\" alt=\"Foto: Patricio Gonz\u00e1lez\" class=\"caption\" title=\"Fuente: Prensafutbol.cl\" width=\"600\" height=\"400\" srcset=\"http:\/\/www.rincondelbulla.cl\/portal\/wp-content\/uploads\/2012\/01\/e4559044766b9b537a51a03a16c9872a.jpg 600w, http:\/\/www.rincondelbulla.cl\/portal\/wp-content\/uploads\/2012\/01\/e4559044766b9b537a51a03a16c9872a-300x200.jpg 300w\" sizes=\"auto, (max-width: 600px) 100vw, 600px\" \/><figcaption id=\"caption-attachment-4345\" class=\"wp-caption-text\">Fuente: Prensafutbol.cl<\/figcaption><\/figure>\n<p><strong>El delantero chileno, que viaja este mi\u00e9rcoles rumbo a Italia para integrarse al Napoli, habl\u00f3 con el sitio oficial de Universidad de Chile en su despedida, asegurando que el \u00abcari\u00f1o de los hinchas nunca lo olvidar\u00e9\u00bb. Adem\u00e1s prometi\u00f3 volver alg\u00fan d\u00eda.<\/strong>  <!--more-->  Una importante huella dej\u00f3 Eduardo Vargas el 2011 en Universidad de Chile, donde fue la figura del a\u00f1o logrando el bicampeonato local y el t\u00edtulo de la Copa Sudamericana, lo cual le vali\u00f3 ser transferido a Napoli.<\/p>\n<p>Este mi\u00e9rcoles a las 20:00 el ariete se embarcar\u00e1 rumbo a Italia para integrarse a su nuevo elenco, donde ser\u00e1 presentado oficialmente el viernes, pero en su despedida dej\u00f3 en un mensaje de agradecimiento a trav\u00e9s del sitio oficial de los azules.<\/p>\n<p>\u00abAc\u00e1 encontr\u00e9 muchos compa\u00f1eros, buenas personas y tambi\u00e9n amigos. Me voy a llevar un lindo recurrdo de todo lo que es la &#8216;U&#8217;, desde los dirigentes hasta los utileros\u00bb, dijo el jugador salido de Cobreloa.<\/p>\n<p>En cuanto a su relaci\u00f3n con la hinchada, &#8216;Edu&#8217; confes\u00f3 que \u00abde a poco me fui ganando un lugar, mojando la camiseta y eso le gusta a la gente. El cari\u00f1o que me tienen los hinchas es algo hermoso que nunca olvidar\u00e9\u00bb.<\/p>\n<p>Sobre lo que viene ahora en Europa, Vargas coment\u00f3 que \u00abprimero tengo que adaptarme all\u00e1, conocer a mis compa\u00f1eros y hacer una carrera mucho m\u00e1s importante que la que tengo ahora\u00bb, aunque prometi\u00f3 que \u00bb mi carrera la voy a terminar ac\u00e1 en la &#8216;U&#8217;, en alg\u00fan momento volver\u00e9\u00bb.<\/p>\n","protected":false},"excerpt":{"rendered":"<p>El delantero chileno, que viaja este mi\u00e9rcoles rumbo a Italia para integrarse al Napoli, habl\u00f3 con el sitio oficial de Universidad de Chile en su despedida, asegurando que el \u00abcari\u00f1o de los hinchas nunca lo olvidar\u00e9\u00bb. Adem\u00e1s prometi\u00f3 volver alg\u00fan d\u00eda.<\/p>\n","protected":false},"author":1,"featured_media":4345,"comment_status":"open","ping_status":"open","sticky":false,"template":"","format":"standard","meta":{"footnotes":""},"categories":[18],"tags":[],"class_list":{"0":"post-2733","1":"post","2":"type-post","3":"status-publish","4":"format-standard","5":"has-post-thumbnail","7":"category-actualidad"},"_links":{"self":[{"href":"http:\/\/www.rincondelbulla.cl\/portal\/wp-json\/wp\/v2\/posts\/2733","targetHints":{"allow":["GET"]}}],"collection":[{"href":"http:\/\/www.rincondelbulla.cl\/portal\/wp-json\/wp\/v2\/posts"}],"about":[{"href":"http:\/\/www.rincondelbulla.cl\/portal\/wp-json\/wp\/v2\/types\/post"}],"author":[{"embeddable":true,"href":"http:\/\/www.rincondelbulla.cl\/portal\/wp-json\/wp\/v2\/users\/1"}],"replies":[{"embeddable":true,"href":"http:\/\/www.rincondelbulla.cl\/portal\/wp-json\/wp\/v2\/comments?post=2733"}],"version-history":[{"count":0,"href":"http:\/\/www.rincondelbulla.cl\/portal\/wp-json\/wp\/v2\/posts\/2733\/revisions"}],"wp:featuredmedia":[{"embeddable":true,"href":"http:\/\/www.rincondelbulla.cl\/portal\/wp-json\/wp\/v2\/media\/4345"}],"wp:attachment":[{"href":"http:\/\/www.rincondelbulla.cl\/portal\/wp-json\/wp\/v2\/media?parent=2733"}],"wp:term":[{"taxonomy":"category","embeddable":true,"href":"http:\/\/www.rincondelbulla.cl\/portal\/wp-json\/wp\/v2\/categories?post=2733"},{"taxonomy":"post_tag","embeddable":true,"href":"http:\/\/www.rincondelbulla.cl\/portal\/wp-json\/wp\/v2\/tags?post=2733"}],"curies":[{"name":"wp","href":"https:\/\/api.w.org\/{rel}","templated":true}]}}