{"id":2750,"date":"2012-02-13T14:58:18","date_gmt":"2012-02-13T14:58:18","guid":{"rendered":"http:\/\/www.rincondelbulla.cl\/portal\/?p=2750"},"modified":"2012-02-13T14:58:18","modified_gmt":"2012-02-13T14:58:18","slug":"respeto-con-atletico-nacional","status":"publish","type":"post","link":"http:\/\/www.rincondelbulla.cl\/portal\/2012\/02\/13\/respeto-con-atletico-nacional\/","title":{"rendered":"Respeto con Atl\u00e9tico Nacional"},"content":{"rendered":"<p><img loading=\"lazy\" decoding=\"async\" class=\" size-full wp-image-4361\" src=\"http:\/\/www.rincondelbulla.cl\/portal\/wp-content\/uploads\/2012\/02\/ef60364f224305d0b9f19741ec3fdf58.jpg\" alt=\"Foto: www.atlnacional.com.co\" width=\"550\" height=\"375\" srcset=\"http:\/\/www.rincondelbulla.cl\/portal\/wp-content\/uploads\/2012\/02\/ef60364f224305d0b9f19741ec3fdf58.jpg 550w, http:\/\/www.rincondelbulla.cl\/portal\/wp-content\/uploads\/2012\/02\/ef60364f224305d0b9f19741ec3fdf58-300x205.jpg 300w, http:\/\/www.rincondelbulla.cl\/portal\/wp-content\/uploads\/2012\/02\/ef60364f224305d0b9f19741ec3fdf58-218x150.jpg 218w\" sizes=\"auto, (max-width: 550px) 100vw, 550px\" \/><\/p>\n<p><strong>Es el equipo colombiano m\u00e1s ganador en el \u00e1mbito internacional, uno de los m\u00e1s populares, han pasado grandes jugadores por sus filas, etc. nos faltar\u00eda tiempo para escribir por qu\u00e9 hay que temerle al \u201crey de copas colombiano\u201d.<\/strong>  <!--more-->  <em>Escrito por: Claudio Cort\u00e9s<\/em><\/p>\n<p>Este martes empieza el camino de Universidad de Chile por conseguir el t\u00edtulo de la Copa Libertadores. Hablar de conseguir el cetro continental no es una utop\u00eda, puesto que luego de conseguir de manera invicta la copa Sudamericana, a ning\u00fan equipo le gustar\u00eda encontrarse con el Rom\u00e1ntico Viajero.<\/p>\n<p>El primer escollo de los Azules es Atl\u00e9tico Nacional de Medell\u00edn, Colombia, escuadra que luce la edici\u00f3n 1989 de \u00e9ste galard\u00f3n en sus vitrinas, adem\u00e1s del sub campeonato de 1995. Estos bocadillos son una peque\u00f1a muestra del palmares que hacen tenerle respeto a los \u201cverdelogas\u201d<\/p>\n<p>Pero qui\u00e9n es el \u201cverde\u201d, cu\u00e1l es la importancia en Colombia, qu\u00e9 jugadores han pasado por el club, cu\u00e1l es su momento actual, etc. Rinc\u00f3n del Bulla cree importante conocer a nuestro pr\u00f3ximo rival en la competencia continental y te dejamos un rese\u00f1a del pr\u00f3ximo rival cafetero.<\/p>\n<p><strong>Breve historia del Rey de Copas Colombiano<\/strong><\/p>\n<p>La Corporaci\u00f3n Deportiva Club Atl\u00e9tico Nacional, m\u00e1s conocido como Atl\u00e9tico Nacional, fue fundado en 1947, y es uno de los equipos mas populares e importantes de su pa\u00eds. Es parte de los tres clubes que ha jugado todas las temporadas de la historia de la Categor\u00eda Primera A del f\u00fatbol profesional colombiano, junto a Millonarios y Santa Fe.<\/p>\n<p>Pertenece desde 1996 a la Organizaci\u00f3n Ardila L\u00fclle, empresa que lo administra en la actualidad.<\/p>\n<p>Su cl\u00e1sico rival de la ciudad, con el que disputa el Cl\u00e1sico paisa, es el Independiente Medell\u00edn, a quien, de los 268 cl\u00e1sicos jugados, le ha ganado 110, han empatado 83 veces, y ha perdido en 75 oportunidades.<\/p>\n<p>Ha ganado once veces el t\u00edtulo de la Primera A. En el \u00e1mbito internacional es el m\u00e1ximo ganador de t\u00edtulos internacionales en Colombia , fue el primer campe\u00f3n colombiano de la Copa Libertadores de Am\u00e9rica en 1989, campe\u00f3n de la Copa Interamericana en 1990 y 1997, y de la Copa Merconorte en 1998 y 2000.<\/p>\n<p>Tambi\u00e9n ha sido subcampe\u00f3n de la Copa Intercontinental en 1989, de la Copa Libertadores en 1995, de la Copa Sudamericana en 2002, y de la Recopa Sudamericana en 1990. Estos t\u00edtulos le han valido el calificativo de Rey de Copas Colombiano.<\/p>\n<p>Los colores que identifican al club son el blanco y el verde. Adem\u00e1s del negro que se ha utilizado en algunas temporadas. En lo que respecta a su escudo, ha mantenido los colores de la bandera del departamento de Antioquia, as\u00ed mismo como su bandera.<\/p>\n<p>A lo largo de su historia Nacional ha tenido importantes jugadores que han dejado huella y t\u00edtulos en la instituci\u00f3n, en la hinchada y en el f\u00fatbol colombiano en general.<\/p>\n<p>Algunos de los m\u00e1s reconocidos han sido Ren\u00e9 Higuita, Andr\u00e9s Escobar, (muerto en un bar de Medell\u00edn luego de hacer un autogol en el Mundial de 1994), V\u00edctor Hugo Aristizabal (goleador hist\u00f3rico del club), Faustino Asprilla, C\u00e9sar Cueto, Jorge Hugo Fern\u00e1ndez, Alexis Garc\u00eda, Mauricio \u00abChicho\u00bb Serna, Juan Pablo \u00c1ngel, Iv\u00e1n Ramiro C\u00f3rdoba, Miguel Calero, Macnelly Torres, entre otro grandes jugadores cafeteros.<\/p>\n<p>Desde 1987 hasta el a\u00f1o 2004 los \u201cVerdolagas\u201d solo ocupaban colombianos en sus equipos. Esta filosof\u00eda ven\u00eda desde su fundaci\u00f3n, como lo estableci\u00f3 en su acta de constituci\u00f3n: \u201cApoyar al deportista local y no solamente en f\u00fatbol sino en todos los deportes\u201d. Ideolog\u00eda que concuerda con la \u00e9poca m\u00e1s gloriosa de los \u201cverdes de la monta\u00f1a\u201d en el campo internacional.<\/p>\n<p>Terminada la tradici\u00f3n de \u201cpuros criollos\u201d llega en el a\u00f1o 2007 Fernando Martel, jugador chileno actualmente en Deportes Antofagasta, quien fue figura en el bi campeonato de este a\u00f1o, convirti\u00e9ndose en figura.<\/p>\n<p>Nacional hace de local el estadio Atanasio Girardot fue sede de la Copa Am\u00e9rica 2001, y fue sede de la Copa Mundial de F\u00fatbol Sub-20 de 2011 y tambi\u00e9n fue utilizado en la inauguraci\u00f3n de los IX Juegos Suramericanos Medell\u00edn 2010. Tiene capacidad para 45.000 espectadores.<\/p>\n<p>Recinto que desde 23:30, de Chile, ver\u00e1 el primer paso del Cuadro M\u00e1gico en su larga ruta hac\u00eda la obtenci\u00f3n de la Copa Libertadores, con el arbitraje del peruano V\u00edctor Hugo Carrillo<br \/><strong><br \/>Actualidad \u201cverdeloga\u201d<\/strong><\/p>\n<p>En su \u00faltimo partido el equipo dirigido Santiago Escobar, pas\u00f3 por encima del Deportivo Chic\u00f3, por 4-0. Seg\u00fan el sitio on line Elcolombiano.com, la escuadra capitaneada por el ex Colo Colo, Macnelly Torres, no tuvo mayores problemas con el equipo boyacense, pero si resalt\u00f3 que de nuevo se vieron los problemas en el juego a\u00e9reo.<\/p>\n<p>Al final del compromiso el t\u00e9cnico \u201cverdeloga\u201d dijo que para enfrentar a la Universidad de Chile, hay que mantener los pies sobre la tierra.<\/p>\n<p>\u00abPrudencia, humildad para enfrentar a uno de los mejores equipos de Am\u00e9rica que hace 35 partidos no pierde\u201d.<\/p>\n<p>Tambi\u00e9n hizo un llamado a los hinchas: \u201cNecesitamos del jugador n\u00famero 12 el martes\u00bb.<\/p>\n<p>De esta manera la alineaci\u00f3n de ma\u00f1ana ser\u00eda con: <strong>Gast\u00f3n Pezzuti; Elkin Calle, Cristian Tula, Alexis Henr\u00edquez, Juan David Valencia; Jherson C\u00f3rdoba, John Valoy, Luis Fernando Mosquera, Macnelly Torres; Dorlan Pab\u00f3n y Diego \u00c1lvarez, qui\u00e9n reemplaza a Carlos Renter\u00eda, el cual sali\u00f3 contracturado del partido.<\/strong><\/p>\n","protected":false},"excerpt":{"rendered":"<p>Es el equipo colombiano m\u00e1s ganador en el \u00e1mbito internacional, uno de los m\u00e1s populares, han pasado grandes jugadores por sus filas, etc. nos faltar\u00eda tiempo para escribir por qu\u00e9 hay que temerle al \u201crey de copas colombiano\u201d.<\/p>\n","protected":false},"author":1,"featured_media":4361,"comment_status":"open","ping_status":"open","sticky":false,"template":"","format":"standard","meta":{"footnotes":""},"categories":[18],"tags":[],"class_list":{"0":"post-2750","1":"post","2":"type-post","3":"status-publish","4":"format-standard","5":"has-post-thumbnail","7":"category-actualidad"},"_links":{"self":[{"href":"http:\/\/www.rincondelbulla.cl\/portal\/wp-json\/wp\/v2\/posts\/2750","targetHints":{"allow":["GET"]}}],"collection":[{"href":"http:\/\/www.rincondelbulla.cl\/portal\/wp-json\/wp\/v2\/posts"}],"about":[{"href":"http:\/\/www.rincondelbulla.cl\/portal\/wp-json\/wp\/v2\/types\/post"}],"author":[{"embeddable":true,"href":"http:\/\/www.rincondelbulla.cl\/portal\/wp-json\/wp\/v2\/users\/1"}],"replies":[{"embeddable":true,"href":"http:\/\/www.rincondelbulla.cl\/portal\/wp-json\/wp\/v2\/comments?post=2750"}],"version-history":[{"count":0,"href":"http:\/\/www.rincondelbulla.cl\/portal\/wp-json\/wp\/v2\/posts\/2750\/revisions"}],"wp:featuredmedia":[{"embeddable":true,"href":"http:\/\/www.rincondelbulla.cl\/portal\/wp-json\/wp\/v2\/media\/4361"}],"wp:attachment":[{"href":"http:\/\/www.rincondelbulla.cl\/portal\/wp-json\/wp\/v2\/media?parent=2750"}],"wp:term":[{"taxonomy":"category","embeddable":true,"href":"http:\/\/www.rincondelbulla.cl\/portal\/wp-json\/wp\/v2\/categories?post=2750"},{"taxonomy":"post_tag","embeddable":true,"href":"http:\/\/www.rincondelbulla.cl\/portal\/wp-json\/wp\/v2\/tags?post=2750"}],"curies":[{"name":"wp","href":"https:\/\/api.w.org\/{rel}","templated":true}]}}