{"id":2751,"date":"2012-02-18T14:17:58","date_gmt":"2012-02-18T14:17:58","guid":{"rendered":"http:\/\/www.rincondelbulla.cl\/portal\/?p=2751"},"modified":"2012-02-18T14:17:58","modified_gmt":"2012-02-18T14:17:58","slug":"para-borrar-una-mala-semana-la-u-enfrenta-a-palestino","status":"publish","type":"post","link":"http:\/\/www.rincondelbulla.cl\/portal\/2012\/02\/18\/para-borrar-una-mala-semana-la-u-enfrenta-a-palestino\/","title":{"rendered":"Para borrar una mala semana la &#8216;U&#8217; enfrenta a Palestino."},"content":{"rendered":"<p><img loading=\"lazy\" decoding=\"async\" class=\" size-full wp-image-4362\" src=\"http:\/\/www.rincondelbulla.cl\/portal\/wp-content\/uploads\/2012\/02\/451601e2c2a2c10e47fcc6138e9e1f31.jpg\" alt=\"Foto: Claudio C\u00e1ceres\" width=\"600\" height=\"340\" srcset=\"http:\/\/www.rincondelbulla.cl\/portal\/wp-content\/uploads\/2012\/02\/451601e2c2a2c10e47fcc6138e9e1f31.jpg 600w, http:\/\/www.rincondelbulla.cl\/portal\/wp-content\/uploads\/2012\/02\/451601e2c2a2c10e47fcc6138e9e1f31-300x170.jpg 300w\" sizes=\"auto, (max-width: 600px) 100vw, 600px\" \/><\/p>\n<p><strong>Despu\u00e9s de una semana magra en lo deportivo y en lo dirigencial, Universidad de Chile intentar\u00e1 borrar el mal rato enfrentando a Palestino en el Estadio Nacional a partir de las 18:45 Hrs.<\/strong><\/p>\n<p>  <!--more-->  <\/p>\n<p>Escrito por: Claudio Cort\u00e9s<\/p>\n<p>Es que la derrota en Colombia y la irreparable llegada de un delantero de \u00e1rea, que supliera a Gustavo Canales tras su partida al f\u00fatbol chino, hicieron que estos \u00faltimos d\u00edas tuvieran \u201ccara de crisis\u201d, en un equipo donde los \u00faltimos meses todo era alegr\u00eda y festejos, a esto se le suma que en las \u00faltimas horas Eduardo Morante se resinti\u00f3 de su lesi\u00f3n en la cadera y no estar\u00e1 disponible para el duelo ante los \u00e1rabes.<\/p>\n<p>Por suerte el equipo est\u00e1 maduro y sabe que estas cosas pasan en el f\u00fatbol y que no siempre se tiene un rendimiento \u00f3ptimo.<\/p>\n<p>El tema de no tener un referente de \u00e1rea es lo que m\u00e1s preocupa al cuerpo t\u00e9cnico del Rom\u00e1ntico Viajero dirigido por Jorge Sampaoli. Para el oriundo de Casilda, \u00abel plantel que tenemos carece de un jugador de \u00e1rea, debemos buscar situaciones que nos permitan llegar de frente al arco. Hay que asumir nuestra realidad y encontrar los mecanismos para encontrar alternativas\u00bb.<\/p>\n<p>El equipo para hoy ser\u00eda con : <strong>Herrera; Gonz\u00e1lez, Acevedo, Rojas; Rodr\u00edguez, Ar\u00e1nguiz, D\u00edaz, Mena; Fernandes, Ruid\u00edaz y Castro.<\/strong><\/p>\n<p>Por su parte Palestino viene sin saber de victorias en este torneo, pero recordemos que junto a Deportes Iquique fueron los \u00fanicos equipos que no fueron derrotados por el Le\u00f3n el a\u00f1o pasado en el \u00e1mbito local.<\/p>\n<p>A continuaci\u00f3n te dejamos el valor de las entradas para hoy, en donde se solamente se vender\u00e1n 15 mil entradas:<\/p>\n<p><strong>Galer\u00eda: $5.000<br \/>Galer\u00eda ni\u00f1os (hasta los 12 a\u00f1os): $2.000<br \/>Andes: $8.000<br \/>Tribuna: $15.000<\/strong><\/p>\n<p>\u00a0<\/p>\n","protected":false},"excerpt":{"rendered":"<p>Despu\u00e9s de una semana magra en lo deportivo y en lo dirigencial, Universidad de Chile intentar\u00e1 borrar el mal rato enfrentando a Palestino en el Estadio Nacional a partir de las 18:45 Hrs.<\/p>\n","protected":false},"author":1,"featured_media":4362,"comment_status":"open","ping_status":"open","sticky":false,"template":"","format":"standard","meta":{"footnotes":""},"categories":[18],"tags":[],"class_list":{"0":"post-2751","1":"post","2":"type-post","3":"status-publish","4":"format-standard","5":"has-post-thumbnail","7":"category-actualidad"},"_links":{"self":[{"href":"http:\/\/www.rincondelbulla.cl\/portal\/wp-json\/wp\/v2\/posts\/2751","targetHints":{"allow":["GET"]}}],"collection":[{"href":"http:\/\/www.rincondelbulla.cl\/portal\/wp-json\/wp\/v2\/posts"}],"about":[{"href":"http:\/\/www.rincondelbulla.cl\/portal\/wp-json\/wp\/v2\/types\/post"}],"author":[{"embeddable":true,"href":"http:\/\/www.rincondelbulla.cl\/portal\/wp-json\/wp\/v2\/users\/1"}],"replies":[{"embeddable":true,"href":"http:\/\/www.rincondelbulla.cl\/portal\/wp-json\/wp\/v2\/comments?post=2751"}],"version-history":[{"count":0,"href":"http:\/\/www.rincondelbulla.cl\/portal\/wp-json\/wp\/v2\/posts\/2751\/revisions"}],"wp:featuredmedia":[{"embeddable":true,"href":"http:\/\/www.rincondelbulla.cl\/portal\/wp-json\/wp\/v2\/media\/4362"}],"wp:attachment":[{"href":"http:\/\/www.rincondelbulla.cl\/portal\/wp-json\/wp\/v2\/media?parent=2751"}],"wp:term":[{"taxonomy":"category","embeddable":true,"href":"http:\/\/www.rincondelbulla.cl\/portal\/wp-json\/wp\/v2\/categories?post=2751"},{"taxonomy":"post_tag","embeddable":true,"href":"http:\/\/www.rincondelbulla.cl\/portal\/wp-json\/wp\/v2\/tags?post=2751"}],"curies":[{"name":"wp","href":"https:\/\/api.w.org\/{rel}","templated":true}]}}