{"id":2754,"date":"2012-02-21T18:46:58","date_gmt":"2012-02-21T18:46:58","guid":{"rendered":"http:\/\/www.rincondelbulla.cl\/portal\/?p=2754"},"modified":"2012-02-21T18:46:58","modified_gmt":"2012-02-21T18:46:58","slug":"el-mejor-godoy-cruz-de-la-historia-llega-a-enfrentar-al-romantico-viajero","status":"publish","type":"post","link":"http:\/\/www.rincondelbulla.cl\/portal\/2012\/02\/21\/el-mejor-godoy-cruz-de-la-historia-llega-a-enfrentar-al-romantico-viajero\/","title":{"rendered":"El mejor Godoy Cruz de la historia llega a enfrentar al Rom\u00e1ntico viajero"},"content":{"rendered":"<p><img loading=\"lazy\" decoding=\"async\" class=\" size-full wp-image-4365\" src=\"http:\/\/www.rincondelbulla.cl\/portal\/wp-content\/uploads\/2012\/02\/48bacdeb5622c81ca2e8477ce23108e8.jpg\" alt=\"Foto: www.clubgodoycruz.com.ar\" width=\"672\" height=\"480\" srcset=\"http:\/\/www.rincondelbulla.cl\/portal\/wp-content\/uploads\/2012\/02\/48bacdeb5622c81ca2e8477ce23108e8.jpg 672w, http:\/\/www.rincondelbulla.cl\/portal\/wp-content\/uploads\/2012\/02\/48bacdeb5622c81ca2e8477ce23108e8-300x214.jpg 300w, http:\/\/www.rincondelbulla.cl\/portal\/wp-content\/uploads\/2012\/02\/48bacdeb5622c81ca2e8477ce23108e8-100x70.jpg 100w, http:\/\/www.rincondelbulla.cl\/portal\/wp-content\/uploads\/2012\/02\/48bacdeb5622c81ca2e8477ce23108e8-588x420.jpg 588w\" sizes=\"auto, (max-width: 672px) 100vw, 672px\" \/><\/p>\n<p><strong>El Tomba parec\u00eda el equipo m\u00e1s seguro para asegurar los tres puntos, sin embargo su comienzo de temporada ha sido excelente en los dos frentes en donde est\u00e1 participando.<\/strong>  <!--more-->  Escrito por: Claudio Cort\u00e9s<em><br \/><\/em><br \/>Hasta hace poco hablar de Mendoza era comentar la calidad de sus restoranes, la tibieza de sus habitantes, sus chocolater\u00edas, vestimentas de cuero y todo lo que se refiere al turismo, sin embargo en los \u00faltimos a\u00f1os la ciudad transandina ha empezado a ganarse un lugar en la prensa deportiva de Sudam\u00e9rica.<\/p>\n<p>Es que el Club Deportivo Godoy Cruz Antonio Tomba &#8211; denominado popularmente Godoy Cruz de Mendoza o simplemente Godoy Cruz-, ha logrado una regularidad en las campa\u00f1as del a\u00f1o pasado y lo que va de este, que ha instalado a la localidad, como una buena plaza para ver buen f\u00fatbol.<\/p>\n<p>Si bien el \u201cTomba\u201d no era conocido en lo deportivo, el club data del 1 de junio de1921 cuando fue fundado con el nombre de Club Sportivo Godoy Cruz, aunque adopt\u00f3 su actual nombre en 1933, luego de fusionarse con el Club de la Bodega Antonio Tomba.<\/p>\n<p>Fueron varios los a\u00f1os que tuvieron que esperar los simpatizantes del \u201cExpreso\u201d (como tambi\u00e9n se le conoce), vieran al club en primera divisi\u00f3n. Fue el 20 de mayo de 2006 cuan el combinado mendocino logra ascender por primera vez en su historia a Primera Divisi\u00f3n tras imponerse a Nueva Chicago en partidos de ida y vuelta con un resultado global de 4-2 (1-1 y 3-1). A esta definici\u00f3n lleg\u00f3 tras conseguir el t\u00edtulo del campeonato Apertura del Torneo de Primera B Nacional 2005.<\/p>\n<p>Sin embargo a la temporada siguiente volvieron a los potreros. Cual ascensor los Bodegueros han deambulado por las m\u00e1ximas categor\u00edas del f\u00fatbol argentino. Esta situaci\u00f3n se termina con la llegada de Omar Asad, quien con el once mendocino clasifica a la Copa Libertadores, por primera vez en su historia<\/p>\n<p>Despu\u00e9s bajo la conducci\u00f3n de Jorge da Silva, se repite el tercer lugar alcanzado en el Torneo Clausura 2012 (Argentina) y logra la hist\u00f3rica clasificaci\u00f3n a la Copa Sudamericana. Con el Polilla en la conducci\u00f3n, realizaron una aceptable Copa Libertadores 2011, no pasando de fase por un solo punto.<\/p>\n<p>Tambi\u00e9n participaron la Copa Sudamericana 2011, torneo conseguido por la Universidad de Chile, llegando a octavos de final tras ser derrotados por un equipo peruano.<\/p>\n<p>Este a\u00f1o y bajo el mando del mundialista argentino Nery Pumpido, ya empez\u00f3 a escribir un nuevo cap\u00edtulo en la historia del club tombino. En su primer partido por el grupo 8 de la Libertadores, venci\u00f3 por la cuenta m\u00ednima a Pe\u00f1arol de Uruguay, en el estadio Malvinas Argentinas, donde hace de local, ya que su estadio oficial,<\/p>\n<p>el Feliciano Gambarte, no est\u00e1 habilitado para disputar partidos de Primera Divisi\u00f3n, menos internacionales.<\/p>\n<p>En el torneo local, el Expreso tambi\u00e9n ha tenido un buen inicio. Este fin de semana derrot\u00f3 a Racing de Avellaneda, con gol del defensa Leonardo Sigali a los 39 minutos de la segunda parte.<\/p>\n<p>Esta victoria sobre la Academia tuvo un sabor especial, puesto que los tombinos jugaron con uno menos desde los 38 del primer tiempo por la expulsi\u00f3n de Juan Carlos Falc\u00f3n, tras agredir al colombiano Giovanni Moreno.<\/p>\n<p>Si bien en el papel Godoy Cruz era el rival m\u00e1s d\u00e9bil del grupo 8 de la Copa Santander Libertadores 2012, las \u00faltimas actuaciones le han dado la confianza necesaria para hacer pasar un mal rato a cualquier equipo, si adem\u00e1s le sumamos que la U todav\u00eda no encuentra ni el equipo, ni una fisonom\u00eda de juego acord\u00e9 a lo que quiere Jorge Sampaoli, el encuentro con los mendocinos puede transformarse en una p\u00e9sima jornada.<\/p>\n<p>No cabe duda que el Godoy Cruz que enfrentar\u00e1 el Le\u00f3n este mi\u00e9rcoles, es el mejor de su historia y por lo visto en cancha quiere seguir escribiendo su nombre en el libro de oro del f\u00fatbol sudamericano y argentino.<\/p>\n<p>El partido entre Azules y el Expreso se disputar\u00e1 este mi\u00e9rcoles en el Estadio Nacional a partir de las 19:45 Hrs. El encargado de impartir justicia adentro de la cancha ser\u00e1 el brasile\u00f1o Wilson Seneme, el mismo que arbitr\u00f3 la final de vuelta de la Copa Sudamericana que consagr\u00f3 al Rom\u00e1ntico Viajero como el mejor equipo de Am\u00e9rica del segundo semestre.<\/p>\n<p>La m\u00e1s probable alineaci\u00f3n del cuadro capitaneado por Nicol\u00e1s Olmedo formar\u00eda de la siguiente manera:<strong> Sebasti\u00e1n Torrico; Jorge Curbelo o Roberto Russo, Leo Sigali, Nicol\u00e1s S\u00e1nchez y Zelmar Garc\u00eda; Diego Villar, Nicol\u00e1s Olmedo, Juan Carlos Falc\u00f3n y Ariel Rojas; Facundo Castill\u00f3n y Rub\u00e9n Ram\u00edrez.<\/strong><\/p>\n","protected":false},"excerpt":{"rendered":"<p>El Tomba parec\u00eda el equipo m\u00e1s seguro para asegurar los tres puntos, sin embargo su comienzo de temporada ha sido excelente en los dos frentes en donde est\u00e1 participando.<\/p>\n","protected":false},"author":1,"featured_media":4365,"comment_status":"open","ping_status":"open","sticky":false,"template":"","format":"standard","meta":{"footnotes":""},"categories":[18],"tags":[],"class_list":{"0":"post-2754","1":"post","2":"type-post","3":"status-publish","4":"format-standard","5":"has-post-thumbnail","7":"category-actualidad"},"_links":{"self":[{"href":"http:\/\/www.rincondelbulla.cl\/portal\/wp-json\/wp\/v2\/posts\/2754","targetHints":{"allow":["GET"]}}],"collection":[{"href":"http:\/\/www.rincondelbulla.cl\/portal\/wp-json\/wp\/v2\/posts"}],"about":[{"href":"http:\/\/www.rincondelbulla.cl\/portal\/wp-json\/wp\/v2\/types\/post"}],"author":[{"embeddable":true,"href":"http:\/\/www.rincondelbulla.cl\/portal\/wp-json\/wp\/v2\/users\/1"}],"replies":[{"embeddable":true,"href":"http:\/\/www.rincondelbulla.cl\/portal\/wp-json\/wp\/v2\/comments?post=2754"}],"version-history":[{"count":0,"href":"http:\/\/www.rincondelbulla.cl\/portal\/wp-json\/wp\/v2\/posts\/2754\/revisions"}],"wp:featuredmedia":[{"embeddable":true,"href":"http:\/\/www.rincondelbulla.cl\/portal\/wp-json\/wp\/v2\/media\/4365"}],"wp:attachment":[{"href":"http:\/\/www.rincondelbulla.cl\/portal\/wp-json\/wp\/v2\/media?parent=2754"}],"wp:term":[{"taxonomy":"category","embeddable":true,"href":"http:\/\/www.rincondelbulla.cl\/portal\/wp-json\/wp\/v2\/categories?post=2754"},{"taxonomy":"post_tag","embeddable":true,"href":"http:\/\/www.rincondelbulla.cl\/portal\/wp-json\/wp\/v2\/tags?post=2754"}],"curies":[{"name":"wp","href":"https:\/\/api.w.org\/{rel}","templated":true}]}}